{"id":76176,"date":"2024-06-05T06:06:04","date_gmt":"2024-06-05T06:06:04","guid":{"rendered":"https:\/\/tuavaluo.com\/avaluo\/2024\/06\/05\/inditex-gana-1-294-millones-en-el-primer-trimestre-108-y-vende-un-71-mas\/"},"modified":"2024-06-05T06:06:04","modified_gmt":"2024-06-05T06:06:04","slug":"inditex-gana-1-294-millones-en-el-primer-trimestre-108-y-vende-un-71-mas","status":"publish","type":"post","link":"https:\/\/tuavaluo.com\/avaluo\/2024\/06\/05\/inditex-gana-1-294-millones-en-el-primer-trimestre-108-y-vende-un-71-mas\/","title":{"rendered":"Inditex gana 1.294 millones en el primer trimestre (+10,8%) y vende un 7,1% m\u00e1s"},"content":{"rendered":"<p>El <strong>margen bruto creci\u00f3 un 7,3%, hasta los 4.940 millones de euros, y se situ\u00f3 en el 60,6%<\/strong> (+13 puntos b\u00e1sicos respecto al primer trimestre de 2023).<\/p>\n<p>Los <strong>gastos operativos se incrementaron un 6,4%<\/strong>, por debajo del crecimiento de las ventas. Si se incluyen todos los cargos por arrendamientos, los gastos operativos crecieron 110 puntos b\u00e1sicos por debajo del crecimiento de las ventas, ha precisado la compa\u00f1\u00eda.<\/p>\n<blockquote class=\"right\"><p>Las ventas en tienda y online a tipo de cambio constante entre el 1 de mayo y el 3 de junio de 2024 han crecido un 12%<\/p><\/blockquote>\n<p>El <strong>resultado operativo (EBITDA) creci\u00f3 un 8%, hasta los 2.370 millones de euros<\/strong>. El <strong>EBIT subi\u00f3 un 10,3%, alcanzando los 1.636 millones de euros,<\/strong> y el beneficio antes de impuestos un 11,1%, situ\u00e1ndose en 1.672 millones de euros.<\/p>\n<p>La textil ha a\u00f1adido que, debido al fuerte desempe\u00f1o operativo, <strong>\u00abla generaci\u00f3n de caja ha crecido de manera destacada\u00bb<\/strong>. Tambi\u00e9n ha indicado que, debido a este fuerte desempe\u00f1o operativo, <strong>el inventario cay\u00f3 un 3% a 30 de abril.<\/strong><\/p>\n<p>En el primer trimestre, Inditex ha realizado <strong>aperturas en 28 mercados<\/strong>. La compa\u00f1\u00eda abri\u00f3 el 29 de febrero en Tashkent City Mall sus primeras tiendas en Uzbekist\u00e1n. El 3 de abril, <strong>reabri\u00f3 19 tiendas de siete formatos y reinici\u00f3 la venta online en Ucrania<\/strong>. En total se han reabierto 48 tiendas en este mercado.<\/p>\n<p>Al cierre del primer trimestre, <strong>Inditex operaba 5.698 tiendas.<\/strong><\/p>\n<h3>DIVIDENDO Y JUNTA<\/h3>\n<p>El Consejo de Administraci\u00f3n de Inditex propondr\u00e1 a la Junta General de Accionistas la aprobaci\u00f3n de <strong>un dividendo de 1,54 euros por acci\u00f3n<\/strong> con cargo a los resultados de 2023. El dividendo se compone de <strong>dos pagos iguales de 0,77 euros por acci\u00f3n<\/strong>: el primero se abon\u00f3 el 2 de mayo y el segundo se realizar\u00e1 el <strong>4 de noviembre<\/strong>.<\/p>\n<p>La <strong>Junta General Ordinaria de Accionistas se celebrar\u00e1 el pr\u00f3ximo 9 de julio<\/strong>. En ella se propondr\u00e1 la renovaci\u00f3n de <strong>Denise Kingsmill<\/strong> y el nombramiento de <strong>Bel\u00e9n Romana Garc\u00eda<\/strong> como consejeras independientes.<\/p>\n<p>Se propondr\u00e1 tambi\u00e9n <strong>el nombramiento de Flora P\u00e9rez Marcote como consejera dominical<\/strong>. Flora P\u00e9rez Marcote ha venido siendo la representante en el Consejo de Inditex de Pontegadea Inversiones (el brazo inversor del fundador y due\u00f1o de Inditex, Amancio Ortega), cuyo mandato no ser\u00e1 renovado debido a una modificaci\u00f3n introducida en la Ley de Sociedades de Capital, seg\u00fan ha detallado la compa\u00f1\u00eda.<\/p>\n<p>Por \u00faltimo, la consejera <strong>Anne Lange dejar\u00e1 el Consejo de Administraci\u00f3n<\/strong> al concluir el plazo de duraci\u00f3n de su mandato el d\u00eda 14 de julio.<\/p>\n<p>Asimismo, el Consejo de Administraci\u00f3n de Inditex propondr\u00e1 a la Junta<strong> la reducci\u00f3n del mandato de los nuevos consejeros a dos a\u00f1os. <\/strong>La nueva duraci\u00f3n del mandato de los miembros del Consejo y la composici\u00f3n de \u00e9ste \u00abest\u00e1n alineados con las mejores pr\u00e1cticas de gobierno corporativo\u00bb.<\/p>\n<h3>AVANCE DE VENTAS Y PERSPECTIVAS<\/h3>\n<p>Las ventas en tienda y online a tipo de cambio constante entre el 1 de mayo y el 3 de junio de 2024 <strong>han crecido un 12% respecto al mismo periodo de 2023.<\/strong><\/p>\n<p>Inditex ha dicho que contin\u00faa viendo <strong>\u00abgrandes oportunidades de crecimiento\u00bb<\/strong>. \u00abPara <strong>llevar nuestro modelo de negocio al siguiente nivel<\/strong> y ampliar a\u00fan m\u00e1s nuestra diferenciaci\u00f3n, estamos desarrollando diferentes iniciativas en todas las \u00e1reas clave para los pr\u00f3ximos a\u00f1os\u00bb.<\/p>\n<p>&#013;<br \/>\nSource: Bolsamania.com<\/p>\n","protected":false},"excerpt":{"rendered":"<p>El margen bruto creci\u00f3 un 7,3%, hasta los 4.940 millones de euros, y se situ\u00f3 en el 60,6% (+13 puntos&#8230;<\/p>\n","protected":false},"author":1,"featured_media":0,"comment_status":"open","ping_status":"closed","sticky":false,"template":"","format":"standard","meta":[],"categories":[104],"tags":[99],"_links":{"self":[{"href":"https:\/\/tuavaluo.com\/avaluo\/wp-json\/wp\/v2\/posts\/76176"}],"collection":[{"href":"https:\/\/tuavaluo.com\/avaluo\/wp-json\/wp\/v2\/posts"}],"about":[{"href":"https:\/\/tuavaluo.com\/avaluo\/wp-json\/wp\/v2\/types\/post"}],"author":[{"embeddable":true,"href":"https:\/\/tuavaluo.com\/avaluo\/wp-json\/wp\/v2\/users\/1"}],"replies":[{"embeddable":true,"href":"https:\/\/tuavaluo.com\/avaluo\/wp-json\/wp\/v2\/comments?post=76176"}],"version-history":[{"count":0,"href":"https:\/\/tuavaluo.com\/avaluo\/wp-json\/wp\/v2\/posts\/76176\/revisions"}],"wp:attachment":[{"href":"https:\/\/tuavaluo.com\/avaluo\/wp-json\/wp\/v2\/media?parent=76176"}],"wp:term":[{"taxonomy":"category","embeddable":true,"href":"https:\/\/tuavaluo.com\/avaluo\/wp-json\/wp\/v2\/categories?post=76176"},{"taxonomy":"post_tag","embeddable":true,"href":"https:\/\/tuavaluo.com\/avaluo\/wp-json\/wp\/v2\/tags?post=76176"}],"curies":[{"name":"wp","href":"https:\/\/api.w.org\/{rel}","templated":true}]}}