{"id":76387,"date":"2024-06-10T10:00:11","date_gmt":"2024-06-10T10:00:11","guid":{"rendered":"https:\/\/tuavaluo.com\/avaluo\/2024\/06\/10\/el-euro-cae-tras-las-europeas-francia-convoca-elecciones-y-la-presion-sobre-scholz-aumenta\/"},"modified":"2024-06-10T10:00:11","modified_gmt":"2024-06-10T10:00:11","slug":"el-euro-cae-tras-las-europeas-francia-convoca-elecciones-y-la-presion-sobre-scholz-aumenta","status":"publish","type":"post","link":"https:\/\/tuavaluo.com\/avaluo\/2024\/06\/10\/el-euro-cae-tras-las-europeas-francia-convoca-elecciones-y-la-presion-sobre-scholz-aumenta\/","title":{"rendered":"El euro cae tras las europeas: Francia convoca elecciones y la presi\u00f3n sobre Scholz aumenta"},"content":{"rendered":"<p>La divisa <strong>cede un 0,56% frente al d\u00f3lar, hasta 1,0739 d\u00f3lares<\/strong>. El presidente de Francia, Emmanuel Macron, <a href=\"https:\/\/www.bolsamania.com\/noticias\/politica\/sorpresa-francia-macron-convoca-elecciones-asamblea-victoria-ultraderecha--16917439.html\" rel=\"noopener noreferrer\" target=\"_blank\" rel=\"nofollow\" ><strong>ha convocado elecciones anticipadas<\/strong><\/a> y <strong>hay un riesgo considerable de que se produzca un cambio de liderazgo pol\u00edtico en el pa\u00eds<\/strong> a favor de la extrema derecha de Marine Le Pen, lo que est\u00e1 provocando fuertes ca\u00eddas del 2% en el Cac.<\/p>\n<p>La formaci\u00f3n de Marine Le Pen ha obtenido<strong> el 32% de los votos en las elecciones al Parlamento Europeo<\/strong>, m\u00e1s del doble que el partido de Macron, que obtuvo el 15,4%. Esto la sit\u00faa claramente como favorita de cara a los comicios adelantados que se celebrar\u00e1n el 30 de junio (primera vuelta) y el 7 de julio (segunda vuelta).<\/p>\n<p>El resto de bolsas del Viejo Continente caen alrededor de un 1%. En Alemania, los analistas hablan de que <strong>aumenta la presi\u00f3n sobre el canciller Olaf Scholz<\/strong> despu\u00e9s de que la <strong>extrema derecha del AfD haya obtenido avances sustanciales<\/strong> en las elecciones europeas.<\/p>\n<p>El AfD asegur\u00f3 el 15,9% de los votos, seg\u00fan resultados preliminares, superando al SPD (Partido Socialdem\u00f3crata) de Scholz y a sus dos socios de coalici\u00f3n en el Gobierno alem\u00e1n actual, los Verdes y el FDP (Partido Democr\u00e1tico Libre).<\/p>\n<p>Mientras tanto, el principal partido de la oposici\u00f3n en Alemania, la CDU (Uni\u00f3n Dem\u00f3crata Cristiana), logr\u00f3 el 23,7% de apoyos.<\/p>\n<p>\u00abEn Europa, <strong>el EUR\/USD recibi\u00f3 otro golpe hasta 1,0735 en la apertura semanal<\/strong> despu\u00e9s de que las elecciones al Parlamento Europeo del fin de semana terminaran <strong>en l\u00e1grimas para los partidos de Emmanuel Macron y Olaf Scholz en Francia y Alemania<\/strong>, respectivamente\u00bb, escribe Ipek Ozkardeskaya, analista s\u00e9nior de Swissquote Bank.<\/p>\n<p>\u00abLa extrema derecha de Marine Le Pen asegur\u00f3 el 32% de los votos de los franceses, un impacto que llev\u00f3 a Macron a convocar elecciones anticipadas en Francia para aclarar las cosas. Como resultado, el rendimiento de los bonos franceses a 10 a\u00f1os comienza la semana con un avance del 2%, y el avance es similar en otros lugares tambi\u00e9n. El EUR\/USD vuelve a la consolidaci\u00f3n bajista (&#8230;). La perspectiva vuelve a ser negativa. Creo que el impacto de los juegos pol\u00edticos permanecer\u00e1 a corto, pero <strong>un resultado &#8216;hawkish&#8217; de la Fed este mi\u00e9rcoles podr\u00eda resultar m\u00e1s dif\u00edcil de sacudir<\/strong>\u00ab.<\/p>\n<h3>\u00abINQUIETUD SOBRE LA DIRECCI\u00d3N DE EUROPA\u00bb<\/h3>\n<p>Antonio Ernesto Di Giacomo, experto de xs.com, afirma que la ca\u00edda del euro refleja una reacci\u00f3n a los eventos inmediatos en Francia y una <strong>\u00abinquietud m\u00e1s profunda sobre la direcci\u00f3n futura de Europa\u00bb<\/strong>.<\/p>\n<p>\u00ab<strong>La estabilidad de la zona euro, un pilar de la econom\u00eda global, est\u00e1 en juego<\/strong>. Los mercados financieros vigilar\u00e1n de cerca los desarrollos pol\u00edticos en Europa, buscando se\u00f1ales de estabilidad o indicaciones de m\u00e1s turbulencias por venir\u00bb, advierte el experto.<\/p>\n<p>\u00abEn conclusi\u00f3n, la reciente ca\u00edda del euro <strong>indica claramente una preocupaci\u00f3n por la estabilidad pol\u00edtica europea<\/strong>. La decisi\u00f3n de Macron de convocar elecciones anticipadas y los avances de la extrema derecha en varios pa\u00edses europeos <strong>han aumentado la incertidumbre del mercado<\/strong>. A medida que se desarrolla la situaci\u00f3n pol\u00edtica, su impacto en la econom\u00eda y la estabilidad financiera de la regi\u00f3n ser\u00e1 crucial. La <strong>direcci\u00f3n que tome Europa en los pr\u00f3ximos meses tendr\u00e1 profundas implicaciones para la regi\u00f3n y el panorama econ\u00f3mico global<\/strong>\u00ab.<\/p>\n<p>&#013;<br \/>\nSource: Bolsamania.com<\/p>\n","protected":false},"excerpt":{"rendered":"<p>La divisa cede un 0,56% frente al d\u00f3lar, hasta 1,0739 d\u00f3lares. El presidente de Francia, Emmanuel Macron, ha convocado elecciones&#8230;<\/p>\n","protected":false},"author":1,"featured_media":0,"comment_status":"open","ping_status":"closed","sticky":false,"template":"","format":"standard","meta":[],"categories":[104],"tags":[99],"_links":{"self":[{"href":"https:\/\/tuavaluo.com\/avaluo\/wp-json\/wp\/v2\/posts\/76387"}],"collection":[{"href":"https:\/\/tuavaluo.com\/avaluo\/wp-json\/wp\/v2\/posts"}],"about":[{"href":"https:\/\/tuavaluo.com\/avaluo\/wp-json\/wp\/v2\/types\/post"}],"author":[{"embeddable":true,"href":"https:\/\/tuavaluo.com\/avaluo\/wp-json\/wp\/v2\/users\/1"}],"replies":[{"embeddable":true,"href":"https:\/\/tuavaluo.com\/avaluo\/wp-json\/wp\/v2\/comments?post=76387"}],"version-history":[{"count":0,"href":"https:\/\/tuavaluo.com\/avaluo\/wp-json\/wp\/v2\/posts\/76387\/revisions"}],"wp:attachment":[{"href":"https:\/\/tuavaluo.com\/avaluo\/wp-json\/wp\/v2\/media?parent=76387"}],"wp:term":[{"taxonomy":"category","embeddable":true,"href":"https:\/\/tuavaluo.com\/avaluo\/wp-json\/wp\/v2\/categories?post=76387"},{"taxonomy":"post_tag","embeddable":true,"href":"https:\/\/tuavaluo.com\/avaluo\/wp-json\/wp\/v2\/tags?post=76387"}],"curies":[{"name":"wp","href":"https:\/\/api.w.org\/{rel}","templated":true}]}}