{"id":76938,"date":"2024-07-10T08:49:39","date_gmt":"2024-07-10T08:49:39","guid":{"rendered":"https:\/\/tuavaluo.com\/avaluo\/2024\/07\/10\/nueva-zelanda-cumple-el-guion-y-vuelve-a-dejar-los-tipos-sin-cambios-en-el-55\/"},"modified":"2024-07-10T08:49:39","modified_gmt":"2024-07-10T08:49:39","slug":"nueva-zelanda-cumple-el-guion-y-vuelve-a-dejar-los-tipos-sin-cambios-en-el-55","status":"publish","type":"post","link":"https:\/\/tuavaluo.com\/avaluo\/2024\/07\/10\/nueva-zelanda-cumple-el-guion-y-vuelve-a-dejar-los-tipos-sin-cambios-en-el-55\/","title":{"rendered":"Nueva Zelanda cumple el guion y vuelve a dejar los tipos sin cambios en el 5,5%"},"content":{"rendered":"<div class=\"read-more-links\">\n<h5>Noticia relacionada<\/h5>\n<p><a class=\"readMore\" href=\"https:\/\/www.bolsamania.com\/noticias\/economia\/powell-pide-mas-datos-buenos-inflacion-iniciar-recortes-tipos--17055682.html\" rel=\"noopener noreferrer\" target=\"_blank\" data-id=\"17055682\" rel=\"nofollow\" ><\/p>\n<figure><img class=\"lazy\" title=\"Leer m\u00e1s\" data-original=\"https:\/\/img6.s3wfg.com\/web\/img\/images_uploaded\/6\/1\/jerome-powell-president-de-la-banque-centrale-americaine-lors-d-une-conference-de-presse_rsz.jpg\" data-src=\"https:\/\/img6.s3wfg.com\/web\/img\/images_uploaded\/6\/1\/jerome-powell-president-de-la-banque-centrale-americaine-lors-d-une-conference-de-presse_rsz.jpg\" \/><\/figure>\n<p>Powell pide \u00abm\u00e1s datos buenos\u00bb de inflaci\u00f3n antes de iniciar los recortes de tipos <\/a><\/div>\n<p>\u00abLa pol\u00edtica monetaria restrictiva ha reducido significativamente la inflaci\u00f3n de los precios\u00bb, ha dicho el banco central neozeland\u00e9s en una nota, en la que detalla que el Comit\u00e9 de Pol\u00edtica Monetaria espera que la inflaci\u00f3n general vuelva a situarse dentro del <strong>rango objetivo del 1% al 3%<\/strong> \u00aben el segundo semestre de este a\u00f1o\u00bb, tras haber cerrado el primer trimestre en el 4%.<\/p>\n<p>Tal y como explica el RBNZ, la disminuci\u00f3n de la inflaci\u00f3n \u00abrefleja <strong>crecientes presiones sobre los precios internos<\/strong>, as\u00ed como una menor inflaci\u00f3n de bienes y servicios importados a Nueva Zelanda\u00bb. Adem\u00e1s, destaca que las presiones en el mercado laboral \u00abhan disminuido, reflejando decisiones de contrataci\u00f3n cautelosas por parte de las empresas y una mayor oferta de mano de obra\u00bb.<\/p>\n<p>\u00abEl nivel de actividad econ\u00f3mica, incluidos el gasto en inversi\u00f3n de empresas y consumidores y las intenciones de inversi\u00f3n, es <strong>coherente con la postura monetaria restrictiva<\/strong>\u00ab, defiende el banco central, que estima que el gasto gubernamental actual y esperado \u00abrestringir\u00e1 el gasto general en la econom\u00eda\u00bb. Sin embargo, comenta, \u00abel impacto positivo de los recortes de impuestos pendientes sobre el gasto privado es menos seguro\u00bb.<\/p>\n<p>Tambi\u00e9n apunta que algunas presiones sobre los precios generadas internamente \u00absiguen siendo fuertes\u00bb. Pero se muestra optimista, en tanto que dice que \u00ab<strong>hay se\u00f1ales de que la persistencia de la inflaci\u00f3n disminuir\u00e1<\/strong> en consonancia con la ca\u00edda de las presiones sobre la capacidad y las intenciones de fijaci\u00f3n de precios de las empresas\u00bb.<\/p>\n<p>El Comit\u00e9, en su encuentro, ha acordado que <strong>la pol\u00edtica monetaria \u00abdebe seguir siendo restrictiva\u00bb<\/strong>, y de ah\u00ed que haya dejado sin cambios los tipos de inter\u00e9s. Aunque avisa: \u00abEl alcance de esta restricci\u00f3n <strong>se atenuar\u00e1 con el tiempo<\/strong>, en consonancia con la disminuci\u00f3n esperada de las presiones inflacionarias\u00bb.<\/p>\n<p>Los expertos de Bankinter han se\u00f1alado, tras conocer la decisi\u00f3n del RBNZ, que <strong>no ha habido sorpresas<\/strong>, sobre todo porque el tipo de inter\u00e9s de referencia <strong>\u00abpermanece en este nivel desde mayo de 2023\u00bb<\/strong>, y recuerdan que el banco central neozeland\u00e9s mantiene <strong>\u00abun enfoque dependiente de los datos\u00bb<\/strong>.<\/p>\n<p>Tambi\u00e9n se\u00f1alan que sus proyecciones, publicadas en junio, apuntaban a una primera bajada de tipos en el <strong>cuarto trimestre 2025<\/strong>. \u00abSi se cumplen sus proyecciones de inflaci\u00f3n y teniendo en cuenta la debilidad del crecimiento (PIB del primer trimestre de +0,3%), <strong>es probable que la primera bajada de tipos se adelante<\/strong>\u00ab, creen los analistas del banco.<\/p>\n<p>&#013;<br \/>\nSource: Bolsamania.com<\/p>\n","protected":false},"excerpt":{"rendered":"<p>Noticia relacionada Powell pide \u00abm\u00e1s datos buenos\u00bb de inflaci\u00f3n antes de iniciar los recortes de tipos \u00abLa pol\u00edtica monetaria restrictiva&#8230;<\/p>\n","protected":false},"author":1,"featured_media":76939,"comment_status":"open","ping_status":"closed","sticky":false,"template":"","format":"standard","meta":[],"categories":[104],"tags":[99],"_links":{"self":[{"href":"https:\/\/tuavaluo.com\/avaluo\/wp-json\/wp\/v2\/posts\/76938"}],"collection":[{"href":"https:\/\/tuavaluo.com\/avaluo\/wp-json\/wp\/v2\/posts"}],"about":[{"href":"https:\/\/tuavaluo.com\/avaluo\/wp-json\/wp\/v2\/types\/post"}],"author":[{"embeddable":true,"href":"https:\/\/tuavaluo.com\/avaluo\/wp-json\/wp\/v2\/users\/1"}],"replies":[{"embeddable":true,"href":"https:\/\/tuavaluo.com\/avaluo\/wp-json\/wp\/v2\/comments?post=76938"}],"version-history":[{"count":0,"href":"https:\/\/tuavaluo.com\/avaluo\/wp-json\/wp\/v2\/posts\/76938\/revisions"}],"wp:featuredmedia":[{"embeddable":true,"href":"https:\/\/tuavaluo.com\/avaluo\/wp-json\/wp\/v2\/media\/76939"}],"wp:attachment":[{"href":"https:\/\/tuavaluo.com\/avaluo\/wp-json\/wp\/v2\/media?parent=76938"}],"wp:term":[{"taxonomy":"category","embeddable":true,"href":"https:\/\/tuavaluo.com\/avaluo\/wp-json\/wp\/v2\/categories?post=76938"},{"taxonomy":"post_tag","embeddable":true,"href":"https:\/\/tuavaluo.com\/avaluo\/wp-json\/wp\/v2\/tags?post=76938"}],"curies":[{"name":"wp","href":"https:\/\/api.w.org\/{rel}","templated":true}]}}