{"id":76966,"date":"2024-07-10T16:00:54","date_gmt":"2024-07-10T16:00:54","guid":{"rendered":"https:\/\/tuavaluo.com\/avaluo\/2024\/07\/10\/mfe-mediaforeurope-pagara-un-dividendo-de-025-euros-fechas-para-cobrarlo\/"},"modified":"2024-07-10T16:00:54","modified_gmt":"2024-07-10T16:00:54","slug":"mfe-mediaforeurope-pagara-un-dividendo-de-025-euros-fechas-para-cobrarlo","status":"publish","type":"post","link":"https:\/\/tuavaluo.com\/avaluo\/2024\/07\/10\/mfe-mediaforeurope-pagara-un-dividendo-de-025-euros-fechas-para-cobrarlo\/","title":{"rendered":"MFE-MediaForEurope pagar\u00e1 un dividendo de 0,25 euros: fechas para cobrarlo"},"content":{"rendered":"<p>Las <strong>fechas relevantes<\/strong> de este reparto, en base a la informaci\u00f3n remitida a la Comisi\u00f3n Nacional del Mercado de Valores (CNMV) son las siguientes:<\/p>\n<p>&#8211; <strong>19 de julio de 2024<\/strong>. \u00daltimo d\u00eda de negociaci\u00f3n de las acciones de MFE con derecho a percibir el dividendo (last trading date).<\/p>\n<p>&#8211; <strong>22 de julio de 2024<\/strong>. Fecha desde la cual \u2013inclusive\u2013 las acciones de MFE cotizan sin derecho a percibir el dividendo (ex-date).<\/p>\n<p>&#8211; <strong>23 de julio de 2024<\/strong>. Fecha en la que se determinan los titulares inscritos con derecho a percibir el dividendo (record date).<\/p>\n<p>&#8211; <strong>24 de julio de 2024<\/strong>. Fecha de pago del dividendo.<\/p>\n<p>\u00abEl importe del dividendo se har\u00e1 efectivo a trav\u00e9s de los medios que los sistemas centralizados de compensaci\u00f3n organizados por Euronext Securities Milan &#8216;Monte Titoli SPA&#8217; pone a disposici\u00f3n de sus entidades participantes. A tales efectos, <strong>MFE-MediaForEurope<\/strong> ha nombrado agente de pagos a Banca Nazionale del Lavoro &#8211; Milan\u00bb, ha concluido la compa\u00f1\u00eda.<\/p>\n<p>&#013;<br \/>\nSource: Bolsamania.com<\/p>\n","protected":false},"excerpt":{"rendered":"<p>Las fechas relevantes de este reparto, en base a la informaci\u00f3n remitida a la Comisi\u00f3n Nacional del Mercado de Valores&#8230;<\/p>\n","protected":false},"author":1,"featured_media":0,"comment_status":"open","ping_status":"closed","sticky":false,"template":"","format":"standard","meta":[],"categories":[104],"tags":[99],"_links":{"self":[{"href":"https:\/\/tuavaluo.com\/avaluo\/wp-json\/wp\/v2\/posts\/76966"}],"collection":[{"href":"https:\/\/tuavaluo.com\/avaluo\/wp-json\/wp\/v2\/posts"}],"about":[{"href":"https:\/\/tuavaluo.com\/avaluo\/wp-json\/wp\/v2\/types\/post"}],"author":[{"embeddable":true,"href":"https:\/\/tuavaluo.com\/avaluo\/wp-json\/wp\/v2\/users\/1"}],"replies":[{"embeddable":true,"href":"https:\/\/tuavaluo.com\/avaluo\/wp-json\/wp\/v2\/comments?post=76966"}],"version-history":[{"count":0,"href":"https:\/\/tuavaluo.com\/avaluo\/wp-json\/wp\/v2\/posts\/76966\/revisions"}],"wp:attachment":[{"href":"https:\/\/tuavaluo.com\/avaluo\/wp-json\/wp\/v2\/media?parent=76966"}],"wp:term":[{"taxonomy":"category","embeddable":true,"href":"https:\/\/tuavaluo.com\/avaluo\/wp-json\/wp\/v2\/categories?post=76966"},{"taxonomy":"post_tag","embeddable":true,"href":"https:\/\/tuavaluo.com\/avaluo\/wp-json\/wp\/v2\/tags?post=76966"}],"curies":[{"name":"wp","href":"https:\/\/api.w.org\/{rel}","templated":true}]}}