{"id":77320,"date":"2024-07-18T10:28:40","date_gmt":"2024-07-18T10:28:40","guid":{"rendered":"https:\/\/tuavaluo.com\/avaluo\/2024\/07\/18\/repsol-y-edf-renewables-firman-un-acuerdo-exclusivo-para-eolica-marina-en-espana-y-portugal\/"},"modified":"2024-07-18T10:28:40","modified_gmt":"2024-07-18T10:28:40","slug":"repsol-y-edf-renewables-firman-un-acuerdo-exclusivo-para-eolica-marina-en-espana-y-portugal","status":"publish","type":"post","link":"https:\/\/tuavaluo.com\/avaluo\/2024\/07\/18\/repsol-y-edf-renewables-firman-un-acuerdo-exclusivo-para-eolica-marina-en-espana-y-portugal\/","title":{"rendered":"Repsol y EDF Renewables firman un acuerdo exclusivo para e\u00f3lica marina en Espa\u00f1a y Portugal"},"content":{"rendered":"<p>Repsol ha subrayado que los proyectos de generaci\u00f3n renovable son uno de los pilares estrat\u00e9gicos del proceso de transici\u00f3n energ\u00e9tica de la compa\u00f1\u00eda. Para desarrollar su cartera de proyectos renovables, la compa\u00f1\u00eda ha fijado un marco inversor de entre <strong>3.000 y 4.000 millones de euros netos hasta 2027<\/strong>. Repsol prev\u00e9 contar con 9.000 MW-10.000 MW instalados en 2027, de los que <strong>el 50% estar\u00e1n en la Pen\u00ednsula Ib\u00e9rica<\/strong> y el 30% en Estados Unidos.<\/p>\n<p>EDF Renewables es l\u00edder internacional en generaci\u00f3n de electricidad renovable, con una capacidad e\u00f3lica y solar bruta instalada de 21,2 GW en todo el mundo a finales de 2023. La empresa cuenta con m\u00e1s de 10 a\u00f1os de experiencia en energ\u00eda e\u00f3lica marina. EDF Renewables es tambi\u00e9n una de las pioneras en la<strong> tecnolog\u00eda flotante<\/strong>, seg\u00fan se destaca en el comunicado.<\/p>\n<p>Seg\u00fan Jo\u00e3o Costeira, Director General de Generaci\u00f3n Baja en Carbono de Repsol: \u201cEsta alianza entre Repsol y EDF Renewables, dos de las compa\u00f1\u00edas energ\u00e9ticas m\u00e1s importantes de Europa, pone de manifiesto el inter\u00e9s del sector por<strong> explorar las oportunidades de generaci\u00f3n de energ\u00eda renovable<\/strong> <strong>que brindar\u00e1 la e\u00f3lica marina en Espa\u00f1a y Portugal<\/strong>, cuando el marco regulatorio de ambos pa\u00edses est\u00e9 definido\u201d.<\/p>\n<p>B\u00e9atrice Buffon, Vicepresidenta Ejecutiva Senior del Grupo EDF a cargo de la Divisi\u00f3n Internacional, Presidenta y CEO de EDF Renewables, ha declarado: \u00abEstamos encantados de firmar este acuerdo de exclusividad con Repsol, uno de los principales actores energ\u00e9ticos de la Pen\u00ednsula Ib\u00e9rica. Repsol y EDF Renewables <strong>combinar\u00e1n su respectiva experiencia<\/strong> para cooperar en futuras licitaciones de e\u00f3lica marina en Espa\u00f1a y Portugal, un paso importante en nuestro desarrollo en Europa.\u00bb<\/p>\n<p>&#013;<br \/>\nSource: Bolsamania.com<\/p>\n","protected":false},"excerpt":{"rendered":"<p>Repsol ha subrayado que los proyectos de generaci\u00f3n renovable son uno de los pilares estrat\u00e9gicos del proceso de transici\u00f3n energ\u00e9tica&#8230;<\/p>\n","protected":false},"author":1,"featured_media":0,"comment_status":"open","ping_status":"closed","sticky":false,"template":"","format":"standard","meta":[],"categories":[104],"tags":[99],"_links":{"self":[{"href":"https:\/\/tuavaluo.com\/avaluo\/wp-json\/wp\/v2\/posts\/77320"}],"collection":[{"href":"https:\/\/tuavaluo.com\/avaluo\/wp-json\/wp\/v2\/posts"}],"about":[{"href":"https:\/\/tuavaluo.com\/avaluo\/wp-json\/wp\/v2\/types\/post"}],"author":[{"embeddable":true,"href":"https:\/\/tuavaluo.com\/avaluo\/wp-json\/wp\/v2\/users\/1"}],"replies":[{"embeddable":true,"href":"https:\/\/tuavaluo.com\/avaluo\/wp-json\/wp\/v2\/comments?post=77320"}],"version-history":[{"count":0,"href":"https:\/\/tuavaluo.com\/avaluo\/wp-json\/wp\/v2\/posts\/77320\/revisions"}],"wp:attachment":[{"href":"https:\/\/tuavaluo.com\/avaluo\/wp-json\/wp\/v2\/media?parent=77320"}],"wp:term":[{"taxonomy":"category","embeddable":true,"href":"https:\/\/tuavaluo.com\/avaluo\/wp-json\/wp\/v2\/categories?post=77320"},{"taxonomy":"post_tag","embeddable":true,"href":"https:\/\/tuavaluo.com\/avaluo\/wp-json\/wp\/v2\/tags?post=77320"}],"curies":[{"name":"wp","href":"https:\/\/api.w.org\/{rel}","templated":true}]}}