{"id":77321,"date":"2024-07-18T10:24:07","date_gmt":"2024-07-18T10:24:07","guid":{"rendered":"https:\/\/tuavaluo.com\/avaluo\/2024\/07\/18\/gloria-ortiz-bankinter-la-bajada-pausada-del-euribor-nos-permite-gestionar-mejor-el-balance\/"},"modified":"2024-07-18T10:24:07","modified_gmt":"2024-07-18T10:24:07","slug":"gloria-ortiz-bankinter-la-bajada-pausada-del-euribor-nos-permite-gestionar-mejor-el-balance","status":"publish","type":"post","link":"https:\/\/tuavaluo.com\/avaluo\/2024\/07\/18\/gloria-ortiz-bankinter-la-bajada-pausada-del-euribor-nos-permite-gestionar-mejor-el-balance\/","title":{"rendered":"Gloria Ortiz (Bankinter): &quot;La bajada pausada del eur\u00edbor nos permite gestionar mejor el balance&quot;"},"content":{"rendered":"<p>Son las declaraciones de <strong>Gloria Ortiz<\/strong>, consejera delegada de Bankinter, durante la rueda de prensa realizada este jueves para presentar los <a href=\"https:\/\/www.bolsamania.com\/noticias\/resultados-anuncios\/bankinter-gana-473-millones-euros-primer-semestre-13-mas--17100262.html?autoplay=1\" rel=\"noopener noreferrer\" target=\"_blank\" rel=\"nofollow\" ><strong>resultados del primer semestre<\/strong><\/a>.<\/p>\n<p>Por otra parte, la directiva ha indicado que la bajada del eur\u00edbor implicar\u00e1 una <strong>menor presi\u00f3n en la remuneraci\u00f3n a los dep\u00f3sitos de particulares y empresas<\/strong>.<\/p>\n<p>Cuestionada sobre la integraci\u00f3n anunciada de EVO Banco, ha se\u00f1alado que \u00ab<strong>vamos a impulsar nuestra estrategia digital<\/strong> y ofreceremos productos que tiene ahora EVO para el resto de clientes de Bankinter\u00bb.<\/p>\n<p>En este sentido, ha justificado la integraci\u00f3n debido a la necesidad de aprovechar \u00abel <strong>mayor m\u00fasculo inversor que tiene el banco y aprovechar las econom\u00edas de escala<\/strong>\u00ab.<\/p>\n<p>Sobre la evoluci\u00f3n de <strong>L\u00ednea Directa<\/strong>, aseguradora donde Bankinter es el m\u00e1ximo accionista, Ortiz ha dicho que \u00abtenemos m\u00e1xima confianza en el equipo gestor y <strong>no nos planteamos en absoluto una desinversion<\/strong>\u00ab.<\/p>\n<p>Cuestionada por la posibilidad de comprar un banco en <strong>Portugal<\/strong>, ha precisado que \u00ab<strong>no tenemos intenci\u00f3n de participar en operaciones corporativas<\/strong> porque seguimos apostando por el crecimiento org\u00e1nico\u00bb.<\/p>\n<p>&#013;<br \/>\nSource: Bolsamania.com<\/p>\n","protected":false},"excerpt":{"rendered":"<p>Son las declaraciones de Gloria Ortiz, consejera delegada de Bankinter, durante la rueda de prensa realizada este jueves para presentar&#8230;<\/p>\n","protected":false},"author":1,"featured_media":0,"comment_status":"open","ping_status":"closed","sticky":false,"template":"","format":"standard","meta":[],"categories":[104],"tags":[99],"_links":{"self":[{"href":"https:\/\/tuavaluo.com\/avaluo\/wp-json\/wp\/v2\/posts\/77321"}],"collection":[{"href":"https:\/\/tuavaluo.com\/avaluo\/wp-json\/wp\/v2\/posts"}],"about":[{"href":"https:\/\/tuavaluo.com\/avaluo\/wp-json\/wp\/v2\/types\/post"}],"author":[{"embeddable":true,"href":"https:\/\/tuavaluo.com\/avaluo\/wp-json\/wp\/v2\/users\/1"}],"replies":[{"embeddable":true,"href":"https:\/\/tuavaluo.com\/avaluo\/wp-json\/wp\/v2\/comments?post=77321"}],"version-history":[{"count":0,"href":"https:\/\/tuavaluo.com\/avaluo\/wp-json\/wp\/v2\/posts\/77321\/revisions"}],"wp:attachment":[{"href":"https:\/\/tuavaluo.com\/avaluo\/wp-json\/wp\/v2\/media?parent=77321"}],"wp:term":[{"taxonomy":"category","embeddable":true,"href":"https:\/\/tuavaluo.com\/avaluo\/wp-json\/wp\/v2\/categories?post=77321"},{"taxonomy":"post_tag","embeddable":true,"href":"https:\/\/tuavaluo.com\/avaluo\/wp-json\/wp\/v2\/tags?post=77321"}],"curies":[{"name":"wp","href":"https:\/\/api.w.org\/{rel}","templated":true}]}}