{"id":77436,"date":"2024-07-22T06:22:39","date_gmt":"2024-07-22T06:22:39","guid":{"rendered":"https:\/\/tuavaluo.com\/avaluo\/2024\/07\/22\/biden-se-retira-de-la-carrera-presidencial-y-apoya-a-kamala-como-candidata-democrata\/"},"modified":"2024-07-22T06:22:39","modified_gmt":"2024-07-22T06:22:39","slug":"biden-se-retira-de-la-carrera-presidencial-y-apoya-a-kamala-como-candidata-democrata","status":"publish","type":"post","link":"https:\/\/tuavaluo.com\/avaluo\/2024\/07\/22\/biden-se-retira-de-la-carrera-presidencial-y-apoya-a-kamala-como-candidata-democrata\/","title":{"rendered":"Biden se retira de la carrera presidencial y apoya a Kamala como candidata dem\u00f3crata"},"content":{"rendered":"<p>El <a href=\"https:\/\/www.bolsamania.com\/noticias\/politica\/medios-internacionales-suspenden-biden-debate-trump-dudan-aptitudes--17007895.html\" rel=\"noopener noreferrer\" target=\"_blank\" rel=\"nofollow\" ><strong>debate que tuvo lugar a finales de junio<\/strong><\/a>, el primero entre el presidente y el expresidente, Donald Trump, de cara a los comicios de noviembre, <strong>ha sido el detonante de todo lo ocurrido despu\u00e9s<\/strong>. Biden se mostr\u00f3 entonces <strong>muy mermado de facultades cognitivas<\/strong>, lo que gener\u00f3 much\u00edsimas dudas e <strong>intensific\u00f3 las peticiones de que deb\u00eda retirarse de la carrera por hacerse con la presidencia.<\/strong><\/p>\n<p>Cabe recordar que Biden tiene 81 a\u00f1os y que deb\u00eda afrontar un mandato de cuatro a\u00f1os. Joe Biden ha anunciado su decisi\u00f3n en una carta difundida a trav\u00e9s de las redes sociales.<\/p>\n<p>\u00abHa sido el mayor honor de mi vida servir como su presidente\u00bb, ha escrito. \u00abY <strong>aunque mi intenci\u00f3n ha sido buscar la reelecci\u00f3n, creo que es en el mejor inter\u00e9s de mi partido y del pa\u00eds que me retire<\/strong> y me concentre \u00fanicamente en cumplir con mis deberes como presidente por el resto de mi mandato\u00bb.<\/p>\n<p>En la carta se\u00f1ala que su intenci\u00f3n es hablar con la Naci\u00f3n a finales de esta semana para dar m\u00e1s detalles sobre su decisi\u00f3n y ha dado las gracias a todos los que han trabajado duro para su reelecci\u00f3n.<\/p>\n<p>\u00abQuiero <strong>agradecer a la vicepresidenta Kamala Harris<\/strong> por ser una extraordinaria compa\u00f1era en este trabajo. Y perm\u00edtanme expresar mi m\u00e1s sincero agradecimiento al pueblo estadounidense por la fe y la confianza que han depositado en m\u00ed\u00bb.<\/p>\n<p>Junto a la carta, Biden ha publicado otro mensaje en X <strong>expresando su apoyo a Kamala<\/strong>:<\/p>\n<p>\u00abMis compa\u00f1eros dem\u00f3cratas, he decidido no aceptar la nominaci\u00f3n y centrar todas mis energ\u00edas en mis deberes como presidente durante el resto de mi mandato. Mi primera decisi\u00f3n como candidato del partido en 2020 fue elegir a Kamala Harris como mi vicepresidenta. Y ha sido la mejor decisi\u00f3n que he tomado. <strong>Hoy quiero ofrecer mi total apoyo y respaldo a Kamala para que sea la candidata de nuestro partido este a\u00f1o<\/strong>. Dem\u00f3cratas, es hora de unirnos y vencer a Trump. Hag\u00e1moslo\u00bb.<\/p>\n<p>Harris ha dicho que har\u00e1 todo lo posible para vencer a Trump, y ha recibido el apoyo de <strong>Bill y Hillary Clinton<\/strong>, o del <strong>famoso inversor George Soros<\/strong>. Los republicanos, por su parte, ya <strong>han lanzado una campa\u00f1a contra ella<\/strong>, se\u00f1alando que es culpable de encubrir la situaci\u00f3n en la que se encuentra Biden.<\/p>\n<h3>DE LA \u00abVICEPRESIDENTA TRUMP\u00bb AL ATENTADO<\/h3>\n<p>Desde el citado debate de finales de junio, la tensi\u00f3n pol\u00edtica no ha hecho m\u00e1s que aumentar en EEUU. Muchos han pedido que Biden se retirara, tambi\u00e9n destacados votantes del Partido Dem\u00f3crata que alertaban de que la situaci\u00f3n les dejaba sin opciones sobre a qui\u00e9n votar.<\/p>\n<p>El famoso inversor y fil\u00e1ntropo <strong>Ray Dalio<\/strong> publicaba recientemente un art\u00edculo en LinkedIn <a href=\"https:\/\/www.bolsamania.com\/noticias\/politica\/dalio-rechaza-biden-trump-debo-elegir-democrata-deshonesto-republicano-poco-etico--17067583.html\" rel=\"noopener noreferrer\" target=\"_blank\" rel=\"nofollow\" ><strong>pidiendo encarecidamente un paso adelante de los dem\u00f3cratas<\/strong><\/a>, aunque su mejor opci\u00f3n no es la elecci\u00f3n &#8216;a dedo&#8217; de Harris sino <strong>la celebraci\u00f3n de unas \u00abmini-primarias\u00bb en las que se elija al candidato.<\/strong><\/p>\n<p>\u00abSi se sigue este plan (de elegir &#8216;a dedo&#8217; a Harris), la gente se quedar\u00eda sin la oportunidad de escuchar los debates entre distintos candidatos y elegir a su favorito\u00bb, se\u00f1alaba.<\/p>\n<p>Tras el debate, las muestras de debilidad de Biden no hicieron m\u00e1s que aumentar. Hace apenas dos semanas, en el marco de la cumbre de la OTAN, <a href=\"https:\/\/www.bolsamania.com\/noticias\/politica\/biden-kamala-vicepresidenta-trump-zelensky-putin--17072884.html\" rel=\"noopener noreferrer\" target=\"_blank\" rel=\"nofollow\" ><strong>el presidente se refiri\u00f3 a Kamala como \u00abvicepresidenta Trump\u00bb<\/strong>.<\/a><\/p>\n<p>\u201cMiren, no habr\u00eda elegido a la vicepresidenta Trump como vicepresidenta si pensara que no est\u00e1 cualificada para ser presidenta\u201d, dijo Biden, confundiendo a su segunda al mando con su oponente en las elecciones de noviembre.<\/p>\n<p>Antes de eso, <strong>confundi\u00f3 al presidente de Ucrania, Volod\u00edmir Zelenski, con el presidente ruso<\/strong>. \u201cDamas y caballeros, el presidente Putin\u201d, dijo al presentar a Zelenski, para corregirse inmediatamente despu\u00e9s diciendo que el lapsus se deb\u00eda a que est\u00e1 \u00abmuy concentrado en derrotar a Putin\u00bb.<\/p>\n<p>A todo esto hay que sumar <a href=\"https:\/\/www.bolsamania.com\/noticias\/politica\/donald-trump-herido-tiroteo-mitin--17078740.html\" rel=\"noopener noreferrer\" target=\"_blank\" rel=\"nofollow\" ><strong>el atentado que sufri\u00f3 Donald Trump el pasado 14 de julio<\/strong><\/a>, que <strong>claramente ha servido para incrementar las posibilidades de un triunfo del republicano<\/strong>. Como saben, el expresidente fue tiroteado durante un mitin en Pensilvania por un joven de 20 a\u00f1os que result\u00f3 abatido. En el tiroteo muri\u00f3 un asistente al citado mitin.<\/p>\n<p>&#013;<br \/>\nSource: Bolsamania.com<\/p>\n","protected":false},"excerpt":{"rendered":"<p>El debate que tuvo lugar a finales de junio, el primero entre el presidente y el expresidente, Donald Trump, de&#8230;<\/p>\n","protected":false},"author":1,"featured_media":0,"comment_status":"open","ping_status":"closed","sticky":false,"template":"","format":"standard","meta":[],"categories":[104],"tags":[99],"_links":{"self":[{"href":"https:\/\/tuavaluo.com\/avaluo\/wp-json\/wp\/v2\/posts\/77436"}],"collection":[{"href":"https:\/\/tuavaluo.com\/avaluo\/wp-json\/wp\/v2\/posts"}],"about":[{"href":"https:\/\/tuavaluo.com\/avaluo\/wp-json\/wp\/v2\/types\/post"}],"author":[{"embeddable":true,"href":"https:\/\/tuavaluo.com\/avaluo\/wp-json\/wp\/v2\/users\/1"}],"replies":[{"embeddable":true,"href":"https:\/\/tuavaluo.com\/avaluo\/wp-json\/wp\/v2\/comments?post=77436"}],"version-history":[{"count":0,"href":"https:\/\/tuavaluo.com\/avaluo\/wp-json\/wp\/v2\/posts\/77436\/revisions"}],"wp:attachment":[{"href":"https:\/\/tuavaluo.com\/avaluo\/wp-json\/wp\/v2\/media?parent=77436"}],"wp:term":[{"taxonomy":"category","embeddable":true,"href":"https:\/\/tuavaluo.com\/avaluo\/wp-json\/wp\/v2\/categories?post=77436"},{"taxonomy":"post_tag","embeddable":true,"href":"https:\/\/tuavaluo.com\/avaluo\/wp-json\/wp\/v2\/tags?post=77436"}],"curies":[{"name":"wp","href":"https:\/\/api.w.org\/{rel}","templated":true}]}}