{"id":77587,"date":"2024-07-24T17:14:21","date_gmt":"2024-07-24T17:14:21","guid":{"rendered":"https:\/\/tuavaluo.com\/avaluo\/2024\/07\/24\/peligra-la-compra-de-air-europa-por-iag-bruselas-ve-insuficientes-las-concesiones\/"},"modified":"2024-07-24T17:14:21","modified_gmt":"2024-07-24T17:14:21","slug":"peligra-la-compra-de-air-europa-por-iag-bruselas-ve-insuficientes-las-concesiones","status":"publish","type":"post","link":"https:\/\/tuavaluo.com\/avaluo\/2024\/07\/24\/peligra-la-compra-de-air-europa-por-iag-bruselas-ve-insuficientes-las-concesiones\/","title":{"rendered":"Peligra la compra de Air Europa por IAG: Bruselas ve insuficientes las concesiones"},"content":{"rendered":"<p>El organismo tiene de plazo hasta el pr\u00f3ximo 20 de agosto para tomar una decisi\u00f3n definitiva, aunque las fuentes consultadas por la cabecera brit\u00e1nica aseguran que<strong> las posibilidades de que se bloquee la operaci\u00f3n son ahora \u00abmuy altas\u00bb.<\/strong><\/p>\n<p>Cabe recordar que <strong>IAG se comprometi\u00f3 a ceder m\u00e1s de la mitad de las rutas operadas por Air Europa en 2023<\/strong> como parte de las concesiones (&#8216;remedies&#8217;) para que la Comisi\u00f3n Europea (CE) apruebe la adquisici\u00f3n.<\/p>\n<p>En concreto, <strong>la matriz de Iberia ceder\u00eda hasta el 52% de las rutas operadas por Air Europa a la competencia,<\/strong> lo que eleva su oferta a la Direcci\u00f3n General de Competencia de la Uni\u00f3n Europea (UE) en 12 puntos porcentuales desde el 40% anterior. Esta cesi\u00f3n busca satisfacer as\u00ed a los reguladores comunitarios, preocupados por una posible reducci\u00f3n de la competencia en dichas rutas tras la adquisici\u00f3n de la aerol\u00ednea.<\/p>\n<p>Las compa\u00f1\u00edas <strong>todav\u00eda pueden modificar sus propuestas antes del 20 de agosto<\/strong> para conseguir el veredicto favorable de Bruselas, que hasta la fecha mantiene sus dudas sobre una excesiva concentraci\u00f3n del mercado.<\/p>\n<p>El <strong>acuerdo de compra de Air Europa est\u00e1 valorado en 500 millones de euros por el 100% del capital, a lo que hay que sumar una deuda de 600 millones de euros<\/strong>. En agosto de 2022, la compa\u00f1\u00eda adquiri\u00f3 el 20% por 100 millones de euros mediante la conversi\u00f3n de un pr\u00e9stamo no garantizado de dicho importe a siete a\u00f1os concedido a Globalia. En febrero de 2023, IAG acord\u00f3 la compra del 80% restante por otros 400 millones.<\/p>\n<p>El pasado mes de mayo, <strong>Luis Gallego, consejero delegado de IAG, asegur\u00f3 que la compa\u00f1\u00eda esperaba que la UE pudiese demorarse hasta a\u00f1o y medio para dar el visto bueno a la operaci\u00f3n<\/strong> y destac\u00f3 que hab\u00eda propuesto a un pu\u00f1ado de compa\u00f1\u00edas como beneficiarias de los &#8216;remedies&#8217; propuestos por el holding hispano-brit\u00e1nico. El verano pasado, Gallego reconoci\u00f3 que el proceso de aprobaci\u00f3n estaba siendo m\u00e1s lento de lo que le gustar\u00eda.<\/p>\n<p>&#013;<br \/>\nSource: Bolsamania.com<\/p>\n","protected":false},"excerpt":{"rendered":"<p>El organismo tiene de plazo hasta el pr\u00f3ximo 20 de agosto para tomar una decisi\u00f3n definitiva, aunque las fuentes consultadas&#8230;<\/p>\n","protected":false},"author":1,"featured_media":0,"comment_status":"open","ping_status":"closed","sticky":false,"template":"","format":"standard","meta":[],"categories":[104],"tags":[99],"_links":{"self":[{"href":"https:\/\/tuavaluo.com\/avaluo\/wp-json\/wp\/v2\/posts\/77587"}],"collection":[{"href":"https:\/\/tuavaluo.com\/avaluo\/wp-json\/wp\/v2\/posts"}],"about":[{"href":"https:\/\/tuavaluo.com\/avaluo\/wp-json\/wp\/v2\/types\/post"}],"author":[{"embeddable":true,"href":"https:\/\/tuavaluo.com\/avaluo\/wp-json\/wp\/v2\/users\/1"}],"replies":[{"embeddable":true,"href":"https:\/\/tuavaluo.com\/avaluo\/wp-json\/wp\/v2\/comments?post=77587"}],"version-history":[{"count":0,"href":"https:\/\/tuavaluo.com\/avaluo\/wp-json\/wp\/v2\/posts\/77587\/revisions"}],"wp:attachment":[{"href":"https:\/\/tuavaluo.com\/avaluo\/wp-json\/wp\/v2\/media?parent=77587"}],"wp:term":[{"taxonomy":"category","embeddable":true,"href":"https:\/\/tuavaluo.com\/avaluo\/wp-json\/wp\/v2\/categories?post=77587"},{"taxonomy":"post_tag","embeddable":true,"href":"https:\/\/tuavaluo.com\/avaluo\/wp-json\/wp\/v2\/tags?post=77587"}],"curies":[{"name":"wp","href":"https:\/\/api.w.org\/{rel}","templated":true}]}}