{"id":77743,"date":"2024-07-30T06:06:51","date_gmt":"2024-07-30T06:06:51","guid":{"rendered":"https:\/\/tuavaluo.com\/avaluo\/2024\/07\/30\/acciona-energia-gana-un-84-menos-hasta-junio-y-vende-23-hidroelectricas-por-287-millones\/"},"modified":"2024-07-30T06:06:51","modified_gmt":"2024-07-30T06:06:51","slug":"acciona-energia-gana-un-84-menos-hasta-junio-y-vende-23-hidroelectricas-por-287-millones","status":"publish","type":"post","link":"https:\/\/tuavaluo.com\/avaluo\/2024\/07\/30\/acciona-energia-gana-un-84-menos-hasta-junio-y-vende-23-hidroelectricas-por-287-millones\/","title":{"rendered":"Acciona Energ\u00eda gana un 84% menos hasta junio y vende 23 hidroel\u00e9ctricas por 287 millones"},"content":{"rendered":"<p>En cuanto a los resultados de Acciona Energ\u00eda, las menores ganancias recogen el impacto contable de la evoluci\u00f3n de los precios, as\u00ed como el cambio en el m\u00e9todo de consolidaci\u00f3n para Renomar durante el pasado a\u00f1o, en el que Acciona Energ\u00eda increment\u00f3 su participaci\u00f3n en la compa\u00f1\u00eda promotora e\u00f3lica hasta el 75% con una plusval\u00eda no recurrente de 145 millones.<\/p>\n<p>La compa\u00f1\u00eda <strong>factur\u00f3 hasta junio un 24,2% menos, hasta 1.333 millones<\/strong>, y el EBITDA fue un 39% menor, de 419 millones.<\/p>\n<p>Como se\u00f1alan desde la compa\u00f1\u00eda, los resultados se han visto afectados por un recurso e\u00f3lico limitado durante el semestre y por un precio promedio m\u00e1s normalizado tras las fuertes subidas coyunturales de a\u00f1os anteriores. La compa\u00f1\u00eda <strong>espera una recuperaci\u00f3n de los precios de la electricidad<\/strong> en Espa\u00f1a para el resto de 2024 y 2025.<\/p>\n<p>Por otro lado, la venta de ASA consta de 23 centrales hidroel\u00e9ctricas en propiedad total que suman 175MW de capacidad instalada, situadas en las regiones de Arag\u00f3n, Cantabria y Catalu\u00f1a. La operaci\u00f3n est\u00e1 sujeta a la autorizaci\u00f3n previa obligatoria en materia de inversiones extranjeras y <strong>se espera que se cierre antes de final de a\u00f1o<\/strong>.<\/p>\n<p>Generar\u00e1 una <strong>plusval\u00eda para Acciona Energ\u00eda de unos 170 millones<\/strong>. \u00abEsta operaci\u00f3n pone de manifiesto la calidad de nuestra cartera de generaci\u00f3n, y representa un hito importante en nuestra estrategia de rotaci\u00f3n de activos, poniendo de relieve la divergencia entre las valoraciones del mercado p\u00fablico y privado\u00bb, ha se\u00f1alado Rafael Mateo, CEO de Acciona Energ\u00eda.<\/p>\n<p>\u00abAl a\u00f1adir esta cartera hidroel\u00e9ctrica a nuestras fuentes de energ\u00eda renovables existentes, pretendemos estabilizar a\u00fan m\u00e1s nuestra producci\u00f3n de energ\u00eda y construir una s\u00f3lida base de beneficios a largo plazo\u00bb, ha a\u00f1adido Dionisio Fern\u00e1ndez, CEO de Elawan.<\/p>\n<p>&#013;<br \/>\nSource: Bolsamania.com<\/p>\n","protected":false},"excerpt":{"rendered":"<p>En cuanto a los resultados de Acciona Energ\u00eda, las menores ganancias recogen el impacto contable de la evoluci\u00f3n de los&#8230;<\/p>\n","protected":false},"author":1,"featured_media":0,"comment_status":"open","ping_status":"closed","sticky":false,"template":"","format":"standard","meta":[],"categories":[104],"tags":[99],"_links":{"self":[{"href":"https:\/\/tuavaluo.com\/avaluo\/wp-json\/wp\/v2\/posts\/77743"}],"collection":[{"href":"https:\/\/tuavaluo.com\/avaluo\/wp-json\/wp\/v2\/posts"}],"about":[{"href":"https:\/\/tuavaluo.com\/avaluo\/wp-json\/wp\/v2\/types\/post"}],"author":[{"embeddable":true,"href":"https:\/\/tuavaluo.com\/avaluo\/wp-json\/wp\/v2\/users\/1"}],"replies":[{"embeddable":true,"href":"https:\/\/tuavaluo.com\/avaluo\/wp-json\/wp\/v2\/comments?post=77743"}],"version-history":[{"count":0,"href":"https:\/\/tuavaluo.com\/avaluo\/wp-json\/wp\/v2\/posts\/77743\/revisions"}],"wp:attachment":[{"href":"https:\/\/tuavaluo.com\/avaluo\/wp-json\/wp\/v2\/media?parent=77743"}],"wp:term":[{"taxonomy":"category","embeddable":true,"href":"https:\/\/tuavaluo.com\/avaluo\/wp-json\/wp\/v2\/categories?post=77743"},{"taxonomy":"post_tag","embeddable":true,"href":"https:\/\/tuavaluo.com\/avaluo\/wp-json\/wp\/v2\/tags?post=77743"}],"curies":[{"name":"wp","href":"https:\/\/api.w.org\/{rel}","templated":true}]}}