{"id":77867,"date":"2024-08-01T08:26:46","date_gmt":"2024-08-01T08:26:46","guid":{"rendered":"https:\/\/tuavaluo.com\/avaluo\/2024\/08\/01\/la-produccion-manufacturera-de-la-eurozona-se-contrae-al-ritmo-mas-fuerte-en-el-ano\/"},"modified":"2024-08-01T08:26:46","modified_gmt":"2024-08-01T08:26:46","slug":"la-produccion-manufacturera-de-la-eurozona-se-contrae-al-ritmo-mas-fuerte-en-el-ano","status":"publish","type":"post","link":"https:\/\/tuavaluo.com\/avaluo\/2024\/08\/01\/la-produccion-manufacturera-de-la-eurozona-se-contrae-al-ritmo-mas-fuerte-en-el-ano\/","title":{"rendered":"La producci\u00f3n manufacturera de la eurozona se contrae al ritmo m\u00e1s fuerte en el a\u00f1o"},"content":{"rendered":"<div class=\"read-more-links\">\n<h5>Noticia relacionada<\/h5>\n<p><a class=\"readMore\" href=\"https:\/\/www.bolsamania.com\/noticias\/economia\/pmi-sector-manufacturero-espanol-sigue-debil-julio-vientos-contra-aumentan--17180236.html\" rel=\"noopener noreferrer\" target=\"_blank\" data-id=\"17180236\" rel=\"nofollow\" ><\/p>\n<figure><img class=\"lazy\" title=\"Leer m\u00e1s\" data-original=\"https:\/\/img2.s3wfg.com\/web\/img\/images_uploaded\/8\/e\/ep_archivo_-_dos_trabajadores_de_la_fabrica_de_ford_en_almussafes_285x185.jpg\" data-src=\"https:\/\/img2.s3wfg.com\/web\/img\/images_uploaded\/8\/e\/ep_archivo_-_dos_trabajadores_de_la_fabrica_de_ford_en_almussafes_285x185.jpg\" \/><\/figure>\n<p>El sector manufacturero espa\u00f1ol sigue d\u00e9bil en julio: \u00abLos vientos en contra aumentan\u00bb <\/a><\/div>\n<p>\u00abA principios de este a\u00f1o, parec\u00eda que el sector podr\u00eda salir gradualmente del declive de la producci\u00f3n en el que hab\u00eda estado durante meses, pero las dudas que surgieron en junio se han intensificado debido a una <strong>disminuci\u00f3n acelerada de la producci\u00f3n en julio<\/strong>\u00ab, cometan en Hamburg Commercial Bank.<\/p>\n<p>El <strong>\u00edndice PMI<\/strong> del sector manufacturero de la zona euro fue igual que el observado en junio, al registrar una vez m\u00e1s 45,8.<\/p>\n<p>La ca\u00edda de los nuevos pedidos registr\u00f3 una ligera aceleraci\u00f3n, hecho que se viene produciendo desde mayo de 2022. En general, <strong>el ritmo de contracci\u00f3n fue el m\u00e1s r\u00e1pido en tres meses<\/strong>. La actividad de ventas transfronterizas tambi\u00e9n afect\u00f3 a la demanda de productos de la zona euro al comienzo del tercer trimestre, tal y como lo ha demostrado otra s\u00f3lida reducci\u00f3n de los nuevos pedidos de los mercados de exportaci\u00f3n.<\/p>\n<p>Para compensar las menores cargas de trabajo, los fabricantes de la zona euro recurrieron m\u00e1s a sus pedidos pendientes como medio para respaldar la producci\u00f3n. Los vol\u00famenes de pedidos por completar se redujeron a un ritmo r\u00e1pido y fuerte en julio. De hecho, el ritmo de declive fue el m\u00e1s r\u00e1pido desde febrero pasado. No obstante, los niveles de producci\u00f3n sufrieron la contracci\u00f3n m\u00e1s marcada en lo que va de a\u00f1o hasta la fecha.<\/p>\n<p>El nivel de empleo neto en las f\u00e1bricas cay\u00f3 al comienzo del tercer trimestre y<strong> la dotaci\u00f3n de personal disminuy\u00f3 al ritmo m\u00e1s r\u00e1pido desde diciembre de 2023<\/strong>. Dicha ca\u00edda extendi\u00f3 la secuencia actual de destrucci\u00f3n de empleo a 14 meses.<\/p>\n<p>Esta menor capacidad de dotaci\u00f3n de personal coincidi\u00f3 con una <strong>ca\u00edda de la confianza empresarial<\/strong>, la primera vez desde octubre de 2023. En general, las expectativas de producci\u00f3n para los pr\u00f3ximos doce meses cayeron hasta su m\u00ednima de cuatro meses.<\/p>\n<p>Los fabricantes de la zona euro redujeron sus actividades de compras en julio, aunque en una medida ligeramente menor que en junio. Aun as\u00ed, el ritmo de declive fue pronunciado. A su vez, los inventarios de insumos se redujeron por decimoctavo mes consecutivo. Los \u00faltimos datos de la encuesta indicaron una nueva mejora en el desempe\u00f1o de los proveedores, aunque el grado en que se acortaron los tiempos de entrega fue el m\u00e1s d\u00e9bil en seis meses.<\/p>\n<p>Por \u00faltimo, los datos revelaron otro aumento mensual de los costes operativos de los fabricantes de la zona euro. La tasa de <strong>inflaci\u00f3n de los precios de los insumos se aceler\u00f3 hasta su m\u00e1xima de un a\u00f1o y medio<\/strong>, pero se mantuvo por debajo de la tendencia a largo plazo. Los precios cobrados por los productos que salen de las f\u00e1bricas se mantuvieron pr\u00e1cticamente sin cambios desde junio, lo que indica que las empresas <strong>se abstuvieron de repercutir el incremento de los costes a sus clientes<\/strong>.<\/p>\n<p>\u00abLa d\u00e9bil situaci\u00f3n de la demanda ha empeorado a\u00fan m\u00e1s desde junio, lo que significa que el aumento de los precios de los insumos no se puede repercutir a los clientes tan f\u00e1cilmente. Esto implica una <strong>reducci\u00f3n de los m\u00e1rgenes de beneficio<\/strong> para las empresas. Si esta tendencia contin\u00faa, augura problemas para la inversi\u00f3n y el crecimiento futuro, ya que las empresas probablemente comenzar\u00e1n a reducir los costes\u00bb, explican en Hamburg Commercial Bank.<\/p>\n<p>Por otro lado, se\u00f1alan que el Banco Central Europeo )BCE) podr\u00eda tener sentimientos contradictorios al respecto: \u00abEs cierto que el aumento de los precios de los insumos podr\u00eda impulsar la inflaci\u00f3n, pero tambi\u00e9n la ca\u00edda de los m\u00e1rgenes de beneficio podr\u00eda ayudar a mantener esa presi\u00f3n inflacionista bajo control\u00bb.<\/p>\n<p><strong>TIEMPOS DIF\u00cdCILES EN LOS PR\u00d3XIMOS MESES<\/strong><\/p>\n<p>Consideran que la demanda no se recuperar\u00e1 a corto plazo. \u00abLos nuevos pedidos recibidos, que han ca\u00eddo durante 27 meses consecutivos, disminuyeron a\u00fan m\u00e1s r\u00e1pidamente en julio. <strong>Las empresas no parecen tener muchas esperanzas de que las cosas mejoren pronto<\/strong>. De hecho, redujeron sus plantillas a un ritmo m\u00e1s fuerte en julio y su confianza en el crecimiento futuro de la producci\u00f3n ha ca\u00eddo por debajo de la media a largo plazo\u00bb, dicen.<\/p>\n<p>Por pa\u00edses, la mayor\u00eda registraron una disminuci\u00f3n del \u00edndice en comparaci\u00f3n con junio. En <strong>Alemania<\/strong> y <strong>Francia<\/strong>, las dos econom\u00edas m\u00e1s grandes del bloque monetario, sus respectivos valores del \u00edndice cayeron hasta sus m\u00ednimas de tres y seis meses respectivamente.<\/p>\n<p><strong>Grecia<\/strong> y <strong>Espa\u00f1a<\/strong>, que han sido los dos pa\u00edses con el mejor resultado en lo que va de a\u00f1o hasta la fecha, tambi\u00e9n perdieron impulso de crecimiento. Por su parte, <strong>Italia<\/strong> e <strong>Irlanda<\/strong> fueron los \u00fanicos dos pa\u00edses cubiertos por el estudio que registraron un aumento de sus respectivos \u00edndices.<\/p>\n<p>\u00abSolo Grecia y Espa\u00f1a <strong>siguen experimentando un crecimiento significativo<\/strong>, aunque incluso en estos pa\u00edses, el impulso se ha desacelerado significativamente. Austria y Alemania muestran la mayor debilidad. La ca\u00edda generalizada y pronunciada es sorprendente, lo que aumenta la probabilidad de que el sector manufacturero <strong>se enfrente a tiempos dif\u00edciles en los pr\u00f3ximos meses<\/strong>\u00ab, concluyen.<\/p>\n<p>&#013;<br \/>\nSource: Bolsamania.com<\/p>\n","protected":false},"excerpt":{"rendered":"<p>Noticia relacionada El sector manufacturero espa\u00f1ol sigue d\u00e9bil en julio: \u00abLos vientos en contra aumentan\u00bb \u00abA principios de este a\u00f1o,&#8230;<\/p>\n","protected":false},"author":1,"featured_media":77868,"comment_status":"open","ping_status":"closed","sticky":false,"template":"","format":"standard","meta":[],"categories":[104],"tags":[99],"_links":{"self":[{"href":"https:\/\/tuavaluo.com\/avaluo\/wp-json\/wp\/v2\/posts\/77867"}],"collection":[{"href":"https:\/\/tuavaluo.com\/avaluo\/wp-json\/wp\/v2\/posts"}],"about":[{"href":"https:\/\/tuavaluo.com\/avaluo\/wp-json\/wp\/v2\/types\/post"}],"author":[{"embeddable":true,"href":"https:\/\/tuavaluo.com\/avaluo\/wp-json\/wp\/v2\/users\/1"}],"replies":[{"embeddable":true,"href":"https:\/\/tuavaluo.com\/avaluo\/wp-json\/wp\/v2\/comments?post=77867"}],"version-history":[{"count":0,"href":"https:\/\/tuavaluo.com\/avaluo\/wp-json\/wp\/v2\/posts\/77867\/revisions"}],"wp:featuredmedia":[{"embeddable":true,"href":"https:\/\/tuavaluo.com\/avaluo\/wp-json\/wp\/v2\/media\/77868"}],"wp:attachment":[{"href":"https:\/\/tuavaluo.com\/avaluo\/wp-json\/wp\/v2\/media?parent=77867"}],"wp:term":[{"taxonomy":"category","embeddable":true,"href":"https:\/\/tuavaluo.com\/avaluo\/wp-json\/wp\/v2\/categories?post=77867"},{"taxonomy":"post_tag","embeddable":true,"href":"https:\/\/tuavaluo.com\/avaluo\/wp-json\/wp\/v2\/tags?post=77867"}],"curies":[{"name":"wp","href":"https:\/\/api.w.org\/{rel}","templated":true}]}}