{"id":79252,"date":"2024-09-11T07:28:57","date_gmt":"2024-09-11T07:28:57","guid":{"rendered":"https:\/\/tuavaluo.com\/avaluo\/2024\/09\/11\/como-valoran-los-analistas-los-resultados-de-inditex-estas-son-las-claves\/"},"modified":"2024-09-11T07:28:57","modified_gmt":"2024-09-11T07:28:57","slug":"como-valoran-los-analistas-los-resultados-de-inditex-estas-son-las-claves","status":"publish","type":"post","link":"https:\/\/tuavaluo.com\/avaluo\/2024\/09\/11\/como-valoran-los-analistas-los-resultados-de-inditex-estas-son-las-claves\/","title":{"rendered":"\u00bfC\u00f3mo valoran los analistas los resultados de Inditex? Estas son las claves"},"content":{"rendered":"<p>\u00abLos resultados (del segundo trimestre estanco) se han situado <strong>muy alineados con las previsiones<\/strong>\u00ab, afirman los analistas de <strong>Renta 4<\/strong>, que han reiterado su consejo de<strong> &#8216;mantener&#8217;<\/strong> el valor, con un precio objetivo de <strong>49,70 euros<\/strong> por acci\u00f3n.<\/p>\n<p>Tambi\u00e9n se\u00f1alan el \u00ab<strong>buen inicio de las ventas en tienda y online<\/strong> a tipo de cambio constante entre el 1 de agosto y el 8 de septiembre, que <strong>han crecido un 11%<\/strong> sobre el mismo periodo de 2023, nivel similar al conseguido desde el tercer trimestre de 2023 y en l\u00ednea a nuestras previsiones\u00bb.<\/p>\n<p>Por otro lado, indican que \u00ablos<strong> inventarios caen<\/strong> frente al a\u00f1o anterior por quinto trimestre consecutivo como consecuencia de la favorable evoluci\u00f3n de las ventas y a la normalizaci\u00f3n de las condiciones de la cadena de suministro\u00bb.<\/p>\n<p>Adem\u00e1s, destacan que \u00abla directiva mantiene los objetivos de 2024, con<strong> excepci\u00f3n del impacto de la divisa<\/strong>\u00ab, que ser\u00e1 negativo en un 3% frente a la anterior previsi\u00f3n del 2%.<\/p>\n<p>\u00abResultados <strong>muy en l\u00ednea con las previsiones<\/strong> e inicio de las ventas ex divisa en tercer trimestre en l\u00ednea con nuestras previsiones y de los \u00faltimos trimestres, <strong>aunque con mayor impacto negativo de las divisas<\/strong> previsto para el segundo semestre de 2024&#8243;, concluyen.<\/p>\n<p>Por su parte, los analistas de <strong>Banco Sabadell<\/strong>, que aconsejan<strong> &#8216;sobreponderar&#8217;<\/strong> el valor, con un precio objetivo de <strong>50,65 euros<\/strong> por acci\u00f3n, destacan la \u00ab<strong>buena evoluci\u00f3n en el segundo trimestre de 2024<\/strong>\u00bb y las \u00ab<strong>indicaciones positivas<\/strong>\u00bb sobre las ventas en el comienzo del tercer trimestre fiscal.<\/p>\n<p>En su opini\u00f3n, los resultados \u00abdeber\u00edan servir para <strong>mantener el positivo &#8216;momentum&#8217; del valor<\/strong>\u00bb en lo que va de a\u00f1o.<\/p>\n<p>Desde <strong>Bankinter<\/strong>, firma que aconseja &#8216;comprar&#8217; el valor, con un precio objetivo de <strong>49 euros<\/strong>, son ligeramente m\u00e1s positivos y se\u00f1alan que los resultados \u00ab<strong>baten ligeramente las expectativas<\/strong>\u00ab, gracias a un \u00abcrecimiento sostenido y <strong>expansi\u00f3n de m\u00e1rgenes en un entorno dif\u00edcil<\/strong>\u00ab, marcado por \u00abla <strong>comparativa m\u00e1s dif\u00edcil del a\u00f1o<\/strong>, pues el segundo trimestre fiscal de 2023 fue el m\u00e1s fuerte del ejercicio pasado, con un crecimiento de ventas del 14%\u00bb.<\/p>\n<p>\u00abA pesar de la <strong>desaceleraci\u00f3n prevista en los pr\u00f3ximos trimestres<\/strong>, un buen control de costes, junto con la capacidad de mantener precios, <strong>defienden los m\u00e1rgenes en niveles m\u00e1ximos hist\u00f3ricos<\/strong> y un crecimiento de ventas consistente de un d\u00edgito alto\u00bb, a\u00f1aden.<\/p>\n<p>Adem\u00e1s, <strong>Sergio \u00c1vila<\/strong>, analista de<strong> IG<\/strong>, comenta que \u00abInditex mantiene su solidez, con un a<strong>umento del 10% en beneficios a pesar del menor crecimiento de ventas<\/strong>\u00ab.<\/p>\n<p>Seg\u00fan su valoraci\u00f3n, \u00aba pesar de que estas cifras muestran un <strong>menor dinamismo en comparaci\u00f3n con el a\u00f1o anterior<\/strong>, se encuentran <strong>alineadas con las expectativas del mercado<\/strong>, dadas las condiciones adversas que ha enfrentado el sector minorista en Europa\u00bb.<\/p>\n<p>\u00c1vila tambi\u00e9n destaca que \u00ablas recientes cifras de ventas entre el 1 de agosto y el 8 de septiembre muestran una recuperaci\u00f3n notable, con un aumento del 11% en t\u00e9rminos constantes respecto al mismo periodo del a\u00f1o anterior, lo que <strong>sugiere un impulso renovado en la segunda mitad del a\u00f1o<\/strong>\u00ab.<\/p>\n<p>\u00abA futuro\u00bb, concluye este analista, \u00abInditex se enfrenta a retos en un<strong> contexto econ\u00f3mico marcado por la incertidumbre<\/strong> y el aumento de los costes, pero su <strong>s\u00f3lida estructura financiera<\/strong> y la capacidad para <strong>generar un flujo constante de ventas<\/strong> en sus canales online y f\u00edsicos le otorgan una <strong>posici\u00f3n privilegiada<\/strong> para continuar su expansi\u00f3n rentable\u00bb.<\/p>\n<p>&#013;<br \/>\nSource: Bolsamania.com<\/p>\n","protected":false},"excerpt":{"rendered":"<p>\u00abLos resultados (del segundo trimestre estanco) se han situado muy alineados con las previsiones\u00ab, afirman los analistas de Renta 4,&#8230;<\/p>\n","protected":false},"author":1,"featured_media":0,"comment_status":"open","ping_status":"closed","sticky":false,"template":"","format":"standard","meta":[],"categories":[104],"tags":[99],"_links":{"self":[{"href":"https:\/\/tuavaluo.com\/avaluo\/wp-json\/wp\/v2\/posts\/79252"}],"collection":[{"href":"https:\/\/tuavaluo.com\/avaluo\/wp-json\/wp\/v2\/posts"}],"about":[{"href":"https:\/\/tuavaluo.com\/avaluo\/wp-json\/wp\/v2\/types\/post"}],"author":[{"embeddable":true,"href":"https:\/\/tuavaluo.com\/avaluo\/wp-json\/wp\/v2\/users\/1"}],"replies":[{"embeddable":true,"href":"https:\/\/tuavaluo.com\/avaluo\/wp-json\/wp\/v2\/comments?post=79252"}],"version-history":[{"count":0,"href":"https:\/\/tuavaluo.com\/avaluo\/wp-json\/wp\/v2\/posts\/79252\/revisions"}],"wp:attachment":[{"href":"https:\/\/tuavaluo.com\/avaluo\/wp-json\/wp\/v2\/media?parent=79252"}],"wp:term":[{"taxonomy":"category","embeddable":true,"href":"https:\/\/tuavaluo.com\/avaluo\/wp-json\/wp\/v2\/categories?post=79252"},{"taxonomy":"post_tag","embeddable":true,"href":"https:\/\/tuavaluo.com\/avaluo\/wp-json\/wp\/v2\/tags?post=79252"}],"curies":[{"name":"wp","href":"https:\/\/api.w.org\/{rel}","templated":true}]}}