{"id":79586,"date":"2024-09-18T04:00:00","date_gmt":"2024-09-18T04:00:00","guid":{"rendered":"https:\/\/tuavaluo.com\/avaluo\/2024\/09\/18\/los-dos-retos-de-europa-que-llevan-a-scope-a-dudar-de-sus-perspectivas-de-crecimiento\/"},"modified":"2024-09-18T04:00:00","modified_gmt":"2024-09-18T04:00:00","slug":"los-dos-retos-de-europa-que-llevan-a-scope-a-dudar-de-sus-perspectivas-de-crecimiento","status":"publish","type":"post","link":"https:\/\/tuavaluo.com\/avaluo\/2024\/09\/18\/los-dos-retos-de-europa-que-llevan-a-scope-a-dudar-de-sus-perspectivas-de-crecimiento\/","title":{"rendered":"Los dos retos de Europa que llevan a Scope a dudar de sus perspectivas de crecimiento"},"content":{"rendered":"<p>\u00abEuropa se enfrenta a toda una serie de retos, entre los que cabe citar el <strong>aumento de las brechas tecnol\u00f3gicas y de infraestructura digital<\/strong>, la <strong>fragmentaci\u00f3n del mercado \u00fanico y de capitales<\/strong>, el <strong>descenso de la poblaci\u00f3n en edad de trabajar<\/strong> y la necesidad de <strong>equilibrar la descarbonizaci\u00f3n con los objetivos de competitividad<\/strong>, garantizando al mismo tiempo la seguridad de Europa dada la volatilidad de la geopol\u00edtica\u00bb.<\/p>\n<p>Es la opini\u00f3n de Alvise Lennkh-Yunus y Brian Marly, analistas del sector p\u00fablico y soberano de Scope Ratings, para quienes abordar estos retos requiere, en \u00faltima instancia, una <strong>mayor cooperaci\u00f3n a nivel europeo en materia de pol\u00edtica fiscal, comercial, energ\u00e9tica y exterior<\/strong>, junto con importantes inversiones privadas y p\u00fablicas, incluida la financiaci\u00f3n conjunta.<\/p>\n<p>\u00abEl informe Draghi estima que las necesidades de inversi\u00f3n anual adicional ascienden a unos 750.000-800.000 millones de euros, es decir, aproximadamente el <strong>4,5% del PIB de la UE-27<\/strong>. El principal reto sigue siendo la financiaci\u00f3n de estas inversiones adicionales, ya que<strong> los responsables pol\u00edticos europeos siguen divididos<\/strong> sobre cu\u00e1nta responsabilidad debe asignarse entre los niveles nacional y de la UE\u00bb, detallan los expertos.<\/p>\n<p>Con todo, desde la agencia de calififaci\u00f3n creen que<strong> Europa afronta dos temas clave<\/strong> que van a lastrar su crecimiento: el <strong>bloqueo pol\u00edtico en Alemania y Franci<\/strong>a, y la<strong> brecha de productividad<\/strong>.<\/p>\n<h3>INCERTIDUMBRE POL\u00cdTICA<\/h3>\n<p>Las <strong>perspectivas de crecimiento a medio plazo de Europa<\/strong>, estimadas en torno al 1,0-1,5%, est\u00e1n por debajo del 2,0% previsto para EEUU. Las reformas esbozadas por Draghi podr\u00edan reducir esta brecha, pero avanzar en la integraci\u00f3n de la UE, como se propone en el informe, se encuentra con la <strong>oposici\u00f3n de partidos populistas y extremistas con agendas nacionalistas<\/strong>.<\/p>\n<p>\u00abEn <strong><a href=\"https:\/\/www.bolsamania.com\/noticias\/economia\/scope-incertidumbre-politica-francia-dificultara-reduzca-deficit--17476702.html\" rel=\"noopener noreferrer\" target=\"_blank\" rel=\"nofollow\" >Francia (rating AA\/Negativo)<\/a><\/strong>, tres meses despu\u00e9s de las elecciones anticipadas de julio, <strong>a\u00fan no est\u00e1 claro si el nuevo primer ministro puede formar un gobierno estable<\/strong> capaz de reducir materialmente el d\u00e9ficit presupuestario y promulgar importantes reformas por el lado de la oferta para impulsar el crecimiento econ\u00f3mico\u00bb, subrayan Lennkh-Yunus y Marly.<\/p>\n<p>Tambi\u00e9n prev\u00e9n que es<strong> poco probable<\/strong> que el pr\u00f3ximo Gobierno de Francia <strong>abogue por pol\u00edticas que profundicen la integraci\u00f3n europea<\/strong> antes de las elecciones presidenciales previstas para 2027.<\/p>\n<p>\u00abDel mismo modo, en<strong> Alemania (AAA\/Estable)<\/strong>, el <strong>reciente \u00e9xito de los partidos populistas de extrema derecha y extrema izquierda en Turingia y Sajonia<\/strong> pone de manifiesto la fragmentaci\u00f3n del panorama pol\u00edtico alem\u00e1n. A medida que los partidos mayoritarios pierden terreno, <strong>el actual gobierno de coalici\u00f3n sem\u00e1foro se debilita<\/strong>, reduciendo la probabilidad de nuevos est\u00edmulos econ\u00f3micos y reformas\u00bb, a\u00f1aden.<\/p>\n<p>Adem\u00e1s, con las <strong>elecciones generales previstas para octubre de 2025<\/strong>, los principales partidos no van a reformar la ley del freno de la deuda, que requiere una mayor\u00eda de dos tercios y el apoyo de la oposici\u00f3n conservadora.<\/p>\n<p>\u00ab<strong>Esta inercia pol\u00edtica tambi\u00e9n dificulta nuevas reformas a escala europea<\/strong>, aunque sean esenciales para impulsar la inversi\u00f3n y el crecimiento en Alemania y Europa\u00bb, enfatizan los estrategas.<\/p>\n<h3>PRODUCTIVIDAD DIVERGENTE<\/h3>\n<p>El otro gran &#8216;problema&#8217; de Europa y que impacta en su crecimiento es la<strong> brecha de productividad entre las econom\u00edas del sur<\/strong>. \u00abPor lo tanto, la aplicaci\u00f3n plena y oportuna de las reformas e inversiones de la UE Next Generation y las inversiones hasta 2026, especialmente en<strong> Italia (BBB+\/Estable)<\/strong> y <strong>Espa\u00f1a (A\/Estable)<\/strong>, son fundamentales\u00bb, matizan en Scope.<\/p>\n<p>\u00abLa <strong>diferencia de productividad entre los empleados de Europa Noroccidental y los de EEUU<\/strong> tambi\u00e9n ha aumentado hasta el 20% en 2023, frente al 10% en 1999, cuando se introdujo el euro. Sin embargo, esta diferencia se elimina una vez contabilizado el total de horas trabajadas\u00bb, agregan.<\/p>\n<p>Esto sugiere, seg\u00fan los analistas de la firma, que en Europa Noroccidental la cuesti\u00f3n no es tanto la productividad individual como el menor n\u00famero de horas trabajadas en comparaci\u00f3n con EEUU. \u00abUno u otro, o ambos, tienen que <strong>mejorar para elevar las perspectivas de crecimiento de Europa<\/strong>, lo que es posible como muestra Europa Central y Oriental, donde la diferencia de productividad con EEUU se ha reducido en los \u00faltimos 25 a\u00f1os\u00bb, comentan.<\/p>\n<p>Por otro lado, tanto la UE como EEUU se enfrentan a un <strong>descenso de la poblaci\u00f3n en edad de trabajar<\/strong>, por lo que la afluencia neta de emigrantes ser\u00e1 crucial.<\/p>\n<p>\u00ab<strong>En Europa, el n\u00famero de inmigrantes no es suficiente para compensar el descenso natural de la poblaci\u00f3n<\/strong> en edad de trabajar, especialmente en <strong>Alemania, Italia y Espa\u00f1a<\/strong>. Este cambio demogr\u00e1fico subraya la creciente importancia del aumento de la productividad como motor del crecimiento econ\u00f3mico en comparaci\u00f3n con d\u00e9cadas anteriores. A menos que Europa aumente significativamente su capacidad para atraer e integrar a trabajadores extranjeros,<strong> las mejoras de la productividad ser\u00e1n fundamentales para mantener el crecimiento\u00bb<\/strong>, concluyen en Scope Ratings.<\/p>\n<p>&#013;<br \/>\nSource: Bolsamania.com<\/p>\n","protected":false},"excerpt":{"rendered":"<p>\u00abEuropa se enfrenta a toda una serie de retos, entre los que cabe citar el aumento de las brechas tecnol\u00f3gicas&#8230;<\/p>\n","protected":false},"author":1,"featured_media":0,"comment_status":"open","ping_status":"closed","sticky":false,"template":"","format":"standard","meta":[],"categories":[104],"tags":[99],"_links":{"self":[{"href":"https:\/\/tuavaluo.com\/avaluo\/wp-json\/wp\/v2\/posts\/79586"}],"collection":[{"href":"https:\/\/tuavaluo.com\/avaluo\/wp-json\/wp\/v2\/posts"}],"about":[{"href":"https:\/\/tuavaluo.com\/avaluo\/wp-json\/wp\/v2\/types\/post"}],"author":[{"embeddable":true,"href":"https:\/\/tuavaluo.com\/avaluo\/wp-json\/wp\/v2\/users\/1"}],"replies":[{"embeddable":true,"href":"https:\/\/tuavaluo.com\/avaluo\/wp-json\/wp\/v2\/comments?post=79586"}],"version-history":[{"count":0,"href":"https:\/\/tuavaluo.com\/avaluo\/wp-json\/wp\/v2\/posts\/79586\/revisions"}],"wp:attachment":[{"href":"https:\/\/tuavaluo.com\/avaluo\/wp-json\/wp\/v2\/media?parent=79586"}],"wp:term":[{"taxonomy":"category","embeddable":true,"href":"https:\/\/tuavaluo.com\/avaluo\/wp-json\/wp\/v2\/categories?post=79586"},{"taxonomy":"post_tag","embeddable":true,"href":"https:\/\/tuavaluo.com\/avaluo\/wp-json\/wp\/v2\/tags?post=79586"}],"curies":[{"name":"wp","href":"https:\/\/api.w.org\/{rel}","templated":true}]}}