{"id":81084,"date":"2024-10-16T09:57:05","date_gmt":"2024-10-16T09:57:05","guid":{"rendered":"https:\/\/tuavaluo.com\/avaluo\/2024\/10\/16\/j-safra-sarasin-sustainable-am-ficha-a-lorenzo-prats-para-su-oficina-de-madrid\/"},"modified":"2024-10-16T09:57:05","modified_gmt":"2024-10-16T09:57:05","slug":"j-safra-sarasin-sustainable-am-ficha-a-lorenzo-prats-para-su-oficina-de-madrid","status":"publish","type":"post","link":"https:\/\/tuavaluo.com\/avaluo\/2024\/10\/16\/j-safra-sarasin-sustainable-am-ficha-a-lorenzo-prats-para-su-oficina-de-madrid\/","title":{"rendered":"J. Safra Sarasin Sustainable AM ficha a Lorenzo Prats para su oficina de Madrid"},"content":{"rendered":"<p>Este nombramiento completa el equipo de JSS SAM en Iberia, liderado por <strong>Bel\u00e9n R\u00edos<\/strong>, directora de ventas institucionales y mayoristas para Iberia.<\/p>\n<p>El resto del equipo est\u00e1 formado por <strong>Mariano Guerenstein<\/strong>, subdirector de ventas institucionales y mayoristas para Iberia, y <strong>Blanca G\u00f3mez de Ag\u00fcero<\/strong>, que fue contratada a principios de 2022 como ejecutiva de ventas y recientemente ha sido ascendida a directora de ventas en reconocimiento a su esfuerzo y resultados.<\/p>\n<p><strong>Lorenzo Prats<\/strong> es licenciado en Econ\u00f3micas por la Universidad Aut\u00f3noma de Madrid y tiene un m\u00e1ster en instituciones y mercados financieros especializado en bolsa y gesti\u00f3n de inversiones por CUNEF. Anteriormente, Prats prest\u00f3 apoyo comercial en <strong>Pictet Asset Management<\/strong>.<\/p>\n<p>Bel\u00e9n R\u00edos ha comentado que \u00abestamos muy satisfechos de dar la bienvenida a Lorenzo a nuestro equipo. Su incorporaci\u00f3n es una muestra m\u00e1s del compromiso de la firma con Iberia. Nuestro objetivo como gestora especializada en la<strong> gesti\u00f3n de fondos tem\u00e1ticos y ESG es seguir creciendo<\/strong> y ofreciendo servicios excepcionales a nuestros clientes\u00bb.<\/p>\n<p>&#013;<br \/>\nSource: Bolsamania.com<\/p>\n","protected":false},"excerpt":{"rendered":"<p>Este nombramiento completa el equipo de JSS SAM en Iberia, liderado por Bel\u00e9n R\u00edos, directora de ventas institucionales y mayoristas&#8230;<\/p>\n","protected":false},"author":1,"featured_media":0,"comment_status":"open","ping_status":"closed","sticky":false,"template":"","format":"standard","meta":[],"categories":[104],"tags":[99],"_links":{"self":[{"href":"https:\/\/tuavaluo.com\/avaluo\/wp-json\/wp\/v2\/posts\/81084"}],"collection":[{"href":"https:\/\/tuavaluo.com\/avaluo\/wp-json\/wp\/v2\/posts"}],"about":[{"href":"https:\/\/tuavaluo.com\/avaluo\/wp-json\/wp\/v2\/types\/post"}],"author":[{"embeddable":true,"href":"https:\/\/tuavaluo.com\/avaluo\/wp-json\/wp\/v2\/users\/1"}],"replies":[{"embeddable":true,"href":"https:\/\/tuavaluo.com\/avaluo\/wp-json\/wp\/v2\/comments?post=81084"}],"version-history":[{"count":0,"href":"https:\/\/tuavaluo.com\/avaluo\/wp-json\/wp\/v2\/posts\/81084\/revisions"}],"wp:attachment":[{"href":"https:\/\/tuavaluo.com\/avaluo\/wp-json\/wp\/v2\/media?parent=81084"}],"wp:term":[{"taxonomy":"category","embeddable":true,"href":"https:\/\/tuavaluo.com\/avaluo\/wp-json\/wp\/v2\/categories?post=81084"},{"taxonomy":"post_tag","embeddable":true,"href":"https:\/\/tuavaluo.com\/avaluo\/wp-json\/wp\/v2\/tags?post=81084"}],"curies":[{"name":"wp","href":"https:\/\/api.w.org\/{rel}","templated":true}]}}