{"id":82500,"date":"2024-11-13T18:06:24","date_gmt":"2024-11-13T18:06:24","guid":{"rendered":"https:\/\/tuavaluo.com\/avaluo\/2024\/11\/13\/ezentis-mejora-un-84-su-ebitda-hasta-septiembre-pero-no-abandona-las-perdidas\/"},"modified":"2024-11-13T18:06:24","modified_gmt":"2024-11-13T18:06:24","slug":"ezentis-mejora-un-84-su-ebitda-hasta-septiembre-pero-no-abandona-las-perdidas","status":"publish","type":"post","link":"https:\/\/tuavaluo.com\/avaluo\/2024\/11\/13\/ezentis-mejora-un-84-su-ebitda-hasta-septiembre-pero-no-abandona-las-perdidas\/","title":{"rendered":"Ezentis mejora un 84% su EBITDA hasta septiembre pero no abandona las p\u00e9rdidas"},"content":{"rendered":"<p>Por su parte,<strong> las ventas han ca\u00eddo un 27% en los tres primeros trimestres del a\u00f1o, y se han ubicado en 10,5 millones de euros<\/strong>, y la firma achaca este descenso a \u00abla finalizaci\u00f3n de determinados contratos durante 2023 y la priorizaci\u00f3n en el proceso de captaci\u00f3n de financiaci\u00f3n que pospondr\u00e1n al primer trimestre de 2025 el incremento notable de actividad previsto, una vez se pongan en marcha contratos derivados de la actividad comercial llevada a cabo\u00bb.<\/p>\n<p>La firma tambi\u00e9n ha registrado un<strong> descenso de la deuda en comparaci\u00f3n con diciembre de 2023 de 0,3 millones de euros<\/strong>, \u00abconsecuencia de haber convertido en acciones la financiaci\u00f3n formalizada en diciembre de 2023 por 2 millones\u00bb.<\/p>\n<p>Mientras, <strong>ha reducido su plantilla en 15 empleados, hasta 185<\/strong>, como parte de una estrategia de \u00abadecuaci\u00f3n de la estructura de personal al per\u00edmetro de actividad actual del grupo, la optimizaci\u00f3n de la misma y el foco en la eficiencia operativa\u00bb.<\/p>\n<p>Por otro lado, la empresa ha destacado que, \u00abcomo consecuencia de la intensa actividad comercial llevada a cabo desde principios de a\u00f1o para potenciar la cartera de contratos<strong>, Ezentis ha resultado adjudicataria, a trav\u00e9s de sus filiales, de diversos contratos durante el tercer trimestre de 2024 por un importe que supera los 1,5 millones de euros<\/strong>\u00ab.<\/p>\n<p>De cara al futuro, Ezentis seguir\u00e1 <strong>focalizada \u00aben el proceso de captaci\u00f3n de nueva financiaci\u00f3n que ha sido suscrita en agosto de 2024 por importe de 13,2 millones<\/strong>, dotando al grupo de la capacidad financiera suficiente para la consecuci\u00f3n de nuevos contratos captados tras la intensa actividad comercial llevada a cabo y adem\u00e1s, permitir\u00e1 al desarrollar las oportunidades de crecimiento inorg\u00e1nico que tiene previstas, permitiendo poner en marcha un s\u00f3lido proyecto de crecimiento a partir del primer trimestre del ejercicio 2025&#8243;.<\/p>\n<p>&#013;<br \/>\nSource: Bolsamania.com<\/p>\n","protected":false},"excerpt":{"rendered":"<p>Por su parte, las ventas han ca\u00eddo un 27% en los tres primeros trimestres del a\u00f1o, y se han ubicado&#8230;<\/p>\n","protected":false},"author":1,"featured_media":0,"comment_status":"open","ping_status":"closed","sticky":false,"template":"","format":"standard","meta":[],"categories":[104],"tags":[99],"_links":{"self":[{"href":"https:\/\/tuavaluo.com\/avaluo\/wp-json\/wp\/v2\/posts\/82500"}],"collection":[{"href":"https:\/\/tuavaluo.com\/avaluo\/wp-json\/wp\/v2\/posts"}],"about":[{"href":"https:\/\/tuavaluo.com\/avaluo\/wp-json\/wp\/v2\/types\/post"}],"author":[{"embeddable":true,"href":"https:\/\/tuavaluo.com\/avaluo\/wp-json\/wp\/v2\/users\/1"}],"replies":[{"embeddable":true,"href":"https:\/\/tuavaluo.com\/avaluo\/wp-json\/wp\/v2\/comments?post=82500"}],"version-history":[{"count":0,"href":"https:\/\/tuavaluo.com\/avaluo\/wp-json\/wp\/v2\/posts\/82500\/revisions"}],"wp:attachment":[{"href":"https:\/\/tuavaluo.com\/avaluo\/wp-json\/wp\/v2\/media?parent=82500"}],"wp:term":[{"taxonomy":"category","embeddable":true,"href":"https:\/\/tuavaluo.com\/avaluo\/wp-json\/wp\/v2\/categories?post=82500"},{"taxonomy":"post_tag","embeddable":true,"href":"https:\/\/tuavaluo.com\/avaluo\/wp-json\/wp\/v2\/tags?post=82500"}],"curies":[{"name":"wp","href":"https:\/\/api.w.org\/{rel}","templated":true}]}}