{"id":82898,"date":"2024-11-21T12:11:40","date_gmt":"2024-11-21T12:11:40","guid":{"rendered":"https:\/\/tuavaluo.com\/avaluo\/2024\/11\/21\/aldama-dice-que-sanchez-agradecio-sus-gestiones-y-que-pago-350-000-euros-en-comisiones-a-abalos-y-koldo-garcia\/"},"modified":"2024-11-21T12:11:40","modified_gmt":"2024-11-21T12:11:40","slug":"aldama-dice-que-sanchez-agradecio-sus-gestiones-y-que-pago-350-000-euros-en-comisiones-a-abalos-y-koldo-garcia","status":"publish","type":"post","link":"https:\/\/tuavaluo.com\/avaluo\/2024\/11\/21\/aldama-dice-que-sanchez-agradecio-sus-gestiones-y-que-pago-350-000-euros-en-comisiones-a-abalos-y-koldo-garcia\/","title":{"rendered":"Aldama dice que S\u00e1nchez agradeci\u00f3 sus gestiones y que pag\u00f3 350.000 euros en comisiones a \u00c1balos y Koldo Garc\u00eda"},"content":{"rendered":"<div class=\"read-more-links\">\n<h5>Noticia relacionada<\/h5>\n<p><a class=\"readMore\" href=\"https:\/\/www.bolsamania.com\/noticias\/politica\/psoe-acciones-legales-inmediatas-contra-aldama-testimonio-juez--18137786.html\" rel=\"noopener noreferrer\" target=\"_blank\" data-id=\"18137786\" rel=\"nofollow\" ><\/p>\n<figure><img class=\"lazy\" title=\"Leer m\u00e1s\" data-original=\"https:\/\/img2.s3wfg.com\/web\/img\/images_uploaded\/0\/2\/ep_archivo_-_el_secretario_de_organizacion_del_psoe_santos_cerdan_en_una_imagen_de_archivo_285x185.jpg\" data-src=\"https:\/\/img2.s3wfg.com\/web\/img\/images_uploaded\/0\/2\/ep_archivo_-_el_secretario_de_organizacion_del_psoe_santos_cerdan_en_una_imagen_de_archivo_285x185.jpg\" \/><\/figure>\n<p>El PSOE anuncia acciones legales inmediatas contra Aldama por su testimonio ante el juez <\/a><\/div>\n<p>En concreto, Aldama, que se ha negado a responder las preguntas de las acusaciones, ha afirmado que dio <strong>15.000 euros a Santos Cerd\u00e1n, 250.000 euros a \u00c1balos y 100.000 euros a Koldo Garc\u00eda<\/strong>.<\/p>\n<p>Algunos de los pagos se habr\u00edan realizado en efectivo. Ante las supuestas exigencias asegura que les lleg\u00f3 a decir: <strong>\u00abYo no soy el Banco de Espa\u00f1a y ya os est\u00e1is pasando\u00bb<\/strong>.<\/p>\n<p>Sobre la conversaci\u00f3n con Pedro S\u00e1nchez, ha reconocido que <strong>dur\u00f3 unos 30 segundos<\/strong>.<\/p>\n<p>Adem\u00e1s, ha dicho al juez que se reuni\u00f3 una vez con la esposa del presidente del Gobierno, <strong>Bego\u00f1a G\u00f3mez<\/strong>, junto con la vicepresidenta tercera y ministra para la Transici\u00f3n Ecol\u00f3gica y el Reto Demogr\u00e1fico, <strong>Teresa Ribera<\/strong>, para impulsar un proyecto sobre la Espa\u00f1a vaciada y para hablar del proyecto de Wakalua, relacionado con el ex consejero delegado de Globalia <strong>Javier Hidalgo<\/strong>.<\/p>\n<p>Por otro lado, sobre el <strong>viaje de Delcy Rodr\u00edguez a Madrid<\/strong>, Aldama ha se\u00f1alado que se organiz\u00f3 un mes antes, que en el Ejecutivo \u00abtodos\u00bb sab\u00edan de \u00e9l y que fue el propio \u00c1balos quien le dijo que \u00abno se preocupara\u00bb ante la prohibici\u00f3n de su entrada en la UE.<\/p>\n<p>Seg\u00fan los \u00faltimos informes de la UCO de la Guardia Civil, Aldama <strong>ten\u00eda un \u00abrol central\u00bb y \u00abpersonifica el nexo corruptor\u00bb<\/strong> en la trama de adjudicaci\u00f3n de la compra de material sanitario durante la pandemia.<\/p>\n<p>Hay que recordar que, la semana pasada, la Sala de lo Penal de la Audiencia Nacional decidi\u00f3 que Aldama <strong>siguiera en prisi\u00f3n al apreciar riesgo de fuga y de destrucci\u00f3n de pruebas<\/strong>, por lo que estar\u00eda buscando un trato favorable que aten\u00fae su previsible condena.<\/p>\n<p>Por su parte, desde el PSOE han anunciado que \u00ab<strong><a href=\"https:\/\/www.bolsamania.com\/noticias\/pulsos\/psoe-acciones-legales-inmediatas-contra-aldama-testimonio-juez--18137786.html\" rel=\"noopener noreferrer\" target=\"_blank\" rel=\"nofollow\" >iniciar\u00e1n de inmediato acciones legales<\/a><\/strong> contra Aldama si se confirman las informaciones aparecidas en prensa sobre su testimonio ante el juez instructor\u00bb.<\/p>\n<p>Aseguran que estas declaraciones no tienen \u00ab<strong>ninguna credibilidad<\/strong>\u00bb y que se trata de una persona que \u00abest\u00e1 en prisi\u00f3n preventiva\u00bb y con la que S\u00e1nchez \u00abno ha tenido nunca ninguna relaci\u00f3n\u00bb.<\/p>\n<p>&#013;<br \/>\nSource: Bolsamania.com<\/p>\n","protected":false},"excerpt":{"rendered":"<p>Noticia relacionada El PSOE anuncia acciones legales inmediatas contra Aldama por su testimonio ante el juez En concreto, Aldama, que&#8230;<\/p>\n","protected":false},"author":1,"featured_media":82899,"comment_status":"open","ping_status":"closed","sticky":false,"template":"","format":"standard","meta":[],"categories":[104],"tags":[99],"_links":{"self":[{"href":"https:\/\/tuavaluo.com\/avaluo\/wp-json\/wp\/v2\/posts\/82898"}],"collection":[{"href":"https:\/\/tuavaluo.com\/avaluo\/wp-json\/wp\/v2\/posts"}],"about":[{"href":"https:\/\/tuavaluo.com\/avaluo\/wp-json\/wp\/v2\/types\/post"}],"author":[{"embeddable":true,"href":"https:\/\/tuavaluo.com\/avaluo\/wp-json\/wp\/v2\/users\/1"}],"replies":[{"embeddable":true,"href":"https:\/\/tuavaluo.com\/avaluo\/wp-json\/wp\/v2\/comments?post=82898"}],"version-history":[{"count":0,"href":"https:\/\/tuavaluo.com\/avaluo\/wp-json\/wp\/v2\/posts\/82898\/revisions"}],"wp:featuredmedia":[{"embeddable":true,"href":"https:\/\/tuavaluo.com\/avaluo\/wp-json\/wp\/v2\/media\/82899"}],"wp:attachment":[{"href":"https:\/\/tuavaluo.com\/avaluo\/wp-json\/wp\/v2\/media?parent=82898"}],"wp:term":[{"taxonomy":"category","embeddable":true,"href":"https:\/\/tuavaluo.com\/avaluo\/wp-json\/wp\/v2\/categories?post=82898"},{"taxonomy":"post_tag","embeddable":true,"href":"https:\/\/tuavaluo.com\/avaluo\/wp-json\/wp\/v2\/tags?post=82898"}],"curies":[{"name":"wp","href":"https:\/\/api.w.org\/{rel}","templated":true}]}}