{"id":83284,"date":"2024-11-29T08:21:06","date_gmt":"2024-11-29T08:21:06","guid":{"rendered":"https:\/\/tuavaluo.com\/avaluo\/2024\/11\/29\/las-ventas-minoristas-crecen-un-54-en-octubre-su-mayor-subida-desde-2022\/"},"modified":"2024-11-29T08:21:06","modified_gmt":"2024-11-29T08:21:06","slug":"las-ventas-minoristas-crecen-un-54-en-octubre-su-mayor-subida-desde-2022","status":"publish","type":"post","link":"https:\/\/tuavaluo.com\/avaluo\/2024\/11\/29\/las-ventas-minoristas-crecen-un-54-en-octubre-su-mayor-subida-desde-2022\/","title":{"rendered":"Las ventas minoristas crecen un 5,4% en octubre, su mayor subida desde 2022"},"content":{"rendered":"<p>Adem\u00e1s, la tasa se sit\u00faa 3,6 puntos por encima de septiembre y se encadenan <strong>cuatro meses consecutivos de tasas interanuales positivas<\/strong>.<\/p>\n<p>A precios constantes y corregido de efectos estacionales y de calendario, el volumen minorista present\u00f3 en octubre una variaci\u00f3n del 3,5%, tasa siete d\u00e9cimas inferior a la registrada en el mes previo. No obstante, se suman 23 meses al alza en la serie desestacionalizada.<\/p>\n<p>Por CCAA, las ventas minoristas subieron en tasa anual en todas ellas. <strong>Canarias registr\u00f3 el mayor incremento (7,6%) y Extremadura el menor (3,4%)<\/strong>.<\/p>\n<p>Adem\u00e1s, respecto a las <strong>ventas minoristas en el comercio electr\u00f3nico<\/strong>, despu\u00e9s de acumular nueve meses con tasas interanuales negativas, en octubre registran una <strong>subida del 2,9%<\/strong>.<\/p>\n<p>En cuanto al empleo, <strong>la ocupaci\u00f3n en el sector del comercio minorista aument\u00f3 1,8%<\/strong> respecto al mismo mes de 2023. Esta tasa se situ\u00f3 dos d\u00e9cimas por encima de la registrada en septiembre y ya suma 38 meses al alza.<\/p>\n<p>Por otro lado, en los diez meses de 2024, el comercio minorista ha aumentado sus ventas en un 2% en comparaci\u00f3n con el mismo periodo del a\u00f1o pasado.<\/p>\n<p>&#013;<br \/>\nSource: Bolsamania.com<\/p>\n","protected":false},"excerpt":{"rendered":"<p>Adem\u00e1s, la tasa se sit\u00faa 3,6 puntos por encima de septiembre y se encadenan cuatro meses consecutivos de tasas interanuales&#8230;<\/p>\n","protected":false},"author":1,"featured_media":0,"comment_status":"open","ping_status":"closed","sticky":false,"template":"","format":"standard","meta":[],"categories":[104],"tags":[99],"_links":{"self":[{"href":"https:\/\/tuavaluo.com\/avaluo\/wp-json\/wp\/v2\/posts\/83284"}],"collection":[{"href":"https:\/\/tuavaluo.com\/avaluo\/wp-json\/wp\/v2\/posts"}],"about":[{"href":"https:\/\/tuavaluo.com\/avaluo\/wp-json\/wp\/v2\/types\/post"}],"author":[{"embeddable":true,"href":"https:\/\/tuavaluo.com\/avaluo\/wp-json\/wp\/v2\/users\/1"}],"replies":[{"embeddable":true,"href":"https:\/\/tuavaluo.com\/avaluo\/wp-json\/wp\/v2\/comments?post=83284"}],"version-history":[{"count":0,"href":"https:\/\/tuavaluo.com\/avaluo\/wp-json\/wp\/v2\/posts\/83284\/revisions"}],"wp:attachment":[{"href":"https:\/\/tuavaluo.com\/avaluo\/wp-json\/wp\/v2\/media?parent=83284"}],"wp:term":[{"taxonomy":"category","embeddable":true,"href":"https:\/\/tuavaluo.com\/avaluo\/wp-json\/wp\/v2\/categories?post=83284"},{"taxonomy":"post_tag","embeddable":true,"href":"https:\/\/tuavaluo.com\/avaluo\/wp-json\/wp\/v2\/tags?post=83284"}],"curies":[{"name":"wp","href":"https:\/\/api.w.org\/{rel}","templated":true}]}}