{"id":84049,"date":"2024-12-16T13:56:32","date_gmt":"2024-12-16T13:56:32","guid":{"rendered":"https:\/\/tuavaluo.com\/avaluo\/2024\/12\/16\/tesla-acelera-y-no-tiene-intencion-de-frenar-wedbush-cree-que-puede-subir-otro-50\/"},"modified":"2024-12-16T13:56:32","modified_gmt":"2024-12-16T13:56:32","slug":"tesla-acelera-y-no-tiene-intencion-de-frenar-wedbush-cree-que-puede-subir-otro-50","status":"publish","type":"post","link":"https:\/\/tuavaluo.com\/avaluo\/2024\/12\/16\/tesla-acelera-y-no-tiene-intencion-de-frenar-wedbush-cree-que-puede-subir-otro-50\/","title":{"rendered":"Tesla acelera y no tiene intenci\u00f3n de frenar: Wedbush cree que puede subir otro 50%"},"content":{"rendered":"<p>Dan Ives, analista de la firma, ha <strong>elevado su precio objetivo para las acciones de la compa\u00f1\u00eda hasta los 515 d\u00f3lares, desde los 400 previos<\/strong>, aunque ha mostrado tambi\u00e9n un <strong>escenario alcista en el que los t\u00edtulos de Tesla alcanzan los 650 d\u00f3lares<\/strong>, lo que implica un potencial cercano al 50% desde los niveles actuales de cotizaci\u00f3n, seg\u00fan recoge &#8216;The Wall Street Journal&#8217;.<\/p>\n<p>Este analista apunta que el nuevo Gobierno de Trump, que iniciar\u00e1 su andadura el pr\u00f3ximo 20 de enero, supondr\u00e1 \u00abun <strong>cambio total en la historia de la autonom\u00eda y la inteligencia artificial (IA) para Tesla y Musk en los pr\u00f3ximos a\u00f1os<\/strong>\u00ab.<\/p>\n<p>La IA es una de las grandes esperanzas a futuro para la compa\u00f1\u00eda fundada por Elon Musk, ya que la emplea para mejorar el <strong>software de Conducci\u00f3n Aut\u00f3noma Total (FSD, por sus siglas en ingl\u00e9s)<\/strong>, que sigue en estado de evoluci\u00f3n tras sortear un camino accidentado en los \u00faltimos meses.<\/p>\n<p>En octubre de este mismo a\u00f1o, <strong>la Administraci\u00f3n Nacional de Seguridad del Tr\u00e1fico en las Carreteras (NHTSA, por sus siglas en ingl\u00e9s) abri\u00f3 una investigaci\u00f3n sobre el FSD de 2,4 millones de veh\u00edculos de Tesla<\/strong>, debido a un incidente en el que se vio involucrado un coche equipado con esta funci\u00f3n y que provoc\u00f3 la muerte de un peat\u00f3n, as\u00ed como a varios accidentes m\u00e1s.<\/p>\n<p>\u00abCreemos que la marcha hacia una <strong>valoraci\u00f3n de Tesla de 2 billones de d\u00f3lares<\/strong> durante los pr\u00f3ximos 12 a 18 meses ya ha comenzado\u00bb, asegura Ives.<\/p>\n<p>La fuerte subida de Tesla desde el triunfo electoral de Trump, con <strong>alzas acumuladas superiores al 70%<\/strong>, ha provocado que los principales analistas de Wall Street revisaran en varias ocasiones la valoraci\u00f3n de la compa\u00f1\u00eda, que sigue pulverizando todos los registros en bolsa.<\/p>\n<p>&#013;<br \/>\nSource: Bolsamania.com<\/p>\n","protected":false},"excerpt":{"rendered":"<p>Dan Ives, analista de la firma, ha elevado su precio objetivo para las acciones de la compa\u00f1\u00eda hasta los 515&#8230;<\/p>\n","protected":false},"author":1,"featured_media":0,"comment_status":"open","ping_status":"closed","sticky":false,"template":"","format":"standard","meta":[],"categories":[104],"tags":[99],"_links":{"self":[{"href":"https:\/\/tuavaluo.com\/avaluo\/wp-json\/wp\/v2\/posts\/84049"}],"collection":[{"href":"https:\/\/tuavaluo.com\/avaluo\/wp-json\/wp\/v2\/posts"}],"about":[{"href":"https:\/\/tuavaluo.com\/avaluo\/wp-json\/wp\/v2\/types\/post"}],"author":[{"embeddable":true,"href":"https:\/\/tuavaluo.com\/avaluo\/wp-json\/wp\/v2\/users\/1"}],"replies":[{"embeddable":true,"href":"https:\/\/tuavaluo.com\/avaluo\/wp-json\/wp\/v2\/comments?post=84049"}],"version-history":[{"count":0,"href":"https:\/\/tuavaluo.com\/avaluo\/wp-json\/wp\/v2\/posts\/84049\/revisions"}],"wp:attachment":[{"href":"https:\/\/tuavaluo.com\/avaluo\/wp-json\/wp\/v2\/media?parent=84049"}],"wp:term":[{"taxonomy":"category","embeddable":true,"href":"https:\/\/tuavaluo.com\/avaluo\/wp-json\/wp\/v2\/categories?post=84049"},{"taxonomy":"post_tag","embeddable":true,"href":"https:\/\/tuavaluo.com\/avaluo\/wp-json\/wp\/v2\/tags?post=84049"}],"curies":[{"name":"wp","href":"https:\/\/api.w.org\/{rel}","templated":true}]}}