{"id":84371,"date":"2024-12-23T07:01:47","date_gmt":"2024-12-23T07:01:47","guid":{"rendered":"https:\/\/tuavaluo.com\/avaluo\/2024\/12\/23\/trump-abre-un-frente-con-panama-tras-amenazar-con-intentar-recuperar-el-canal\/"},"modified":"2024-12-23T07:01:47","modified_gmt":"2024-12-23T07:01:47","slug":"trump-abre-un-frente-con-panama-tras-amenazar-con-intentar-recuperar-el-canal","status":"publish","type":"post","link":"https:\/\/tuavaluo.com\/avaluo\/2024\/12\/23\/trump-abre-un-frente-con-panama-tras-amenazar-con-intentar-recuperar-el-canal\/","title":{"rendered":"Trump abre un frente con Panam\u00e1 tras amenazar con intentar recuperar el Canal"},"content":{"rendered":"<p>El presidente de Panam\u00e1, Jos\u00e9 Ra\u00fal Mulino, rechaz\u00f3 este domingo la amenaza de Trump en una declaraci\u00f3n en v\u00eddeo publicada en X, afirmando que <strong>los peajes de env\u00edo no est\u00e1n inflados y que la soberan\u00eda del pa\u00eds no es negociable<\/strong>,<\/p>\n<p>Trump hizo estas declaraciones en su plataforma Truth Social, a menos de un mes de que asuma la presidencia para una nueva gesti\u00f3n.<\/p>\n<p>En una primera publicaci\u00f3n, dijo que el Canal de Panam\u00e1, construido por Estados Unidos a principios del siglo XX, es \u201cvital\u201d para la econom\u00eda y la seguridad de su pa\u00eds. Tambi\u00e9n<strong> critic\u00f3 al expresidente Jimmy Carter por la forma en la que cedi\u00f3 a Panam\u00e1 la administraci\u00f3n<\/strong>, la operaci\u00f3n y el mantenimiento del lugar.<\/p>\n<p>En una segunda publicaci\u00f3n, a\u00f1adi\u00f3: \u201cSi los principios, tanto morales como legales, de este magn\u00e1nimo gesto de dar no son correspondidos, entonces <strong>procederemos con demandar que el Canal de Panam\u00e1 nos sea devuelto<\/strong>, por completo y sin ninguna pregunta. A los funcionarios de Panam\u00e1, por favor, \u00a1sean guiados en consecuencia!\u201d.<\/p>\n<p>&#013;<br \/>\nSource: Bolsamania.com<\/p>\n","protected":false},"excerpt":{"rendered":"<p>El presidente de Panam\u00e1, Jos\u00e9 Ra\u00fal Mulino, rechaz\u00f3 este domingo la amenaza de Trump en una declaraci\u00f3n en v\u00eddeo publicada&#8230;<\/p>\n","protected":false},"author":1,"featured_media":0,"comment_status":"open","ping_status":"closed","sticky":false,"template":"","format":"standard","meta":[],"categories":[104],"tags":[99],"_links":{"self":[{"href":"https:\/\/tuavaluo.com\/avaluo\/wp-json\/wp\/v2\/posts\/84371"}],"collection":[{"href":"https:\/\/tuavaluo.com\/avaluo\/wp-json\/wp\/v2\/posts"}],"about":[{"href":"https:\/\/tuavaluo.com\/avaluo\/wp-json\/wp\/v2\/types\/post"}],"author":[{"embeddable":true,"href":"https:\/\/tuavaluo.com\/avaluo\/wp-json\/wp\/v2\/users\/1"}],"replies":[{"embeddable":true,"href":"https:\/\/tuavaluo.com\/avaluo\/wp-json\/wp\/v2\/comments?post=84371"}],"version-history":[{"count":0,"href":"https:\/\/tuavaluo.com\/avaluo\/wp-json\/wp\/v2\/posts\/84371\/revisions"}],"wp:attachment":[{"href":"https:\/\/tuavaluo.com\/avaluo\/wp-json\/wp\/v2\/media?parent=84371"}],"wp:term":[{"taxonomy":"category","embeddable":true,"href":"https:\/\/tuavaluo.com\/avaluo\/wp-json\/wp\/v2\/categories?post=84371"},{"taxonomy":"post_tag","embeddable":true,"href":"https:\/\/tuavaluo.com\/avaluo\/wp-json\/wp\/v2\/tags?post=84371"}],"curies":[{"name":"wp","href":"https:\/\/api.w.org\/{rel}","templated":true}]}}