{"id":84879,"date":"2025-01-06T13:29:01","date_gmt":"2025-01-06T13:29:01","guid":{"rendered":"https:\/\/tuavaluo.com\/avaluo\/2025\/01\/06\/la-inflacion-de-alemania-sorprende-al-alza-y-repunta-al-26-en-diciembre\/"},"modified":"2025-01-06T13:29:01","modified_gmt":"2025-01-06T13:29:01","slug":"la-inflacion-de-alemania-sorprende-al-alza-y-repunta-al-26-en-diciembre","status":"publish","type":"post","link":"https:\/\/tuavaluo.com\/avaluo\/2025\/01\/06\/la-inflacion-de-alemania-sorprende-al-alza-y-repunta-al-26-en-diciembre\/","title":{"rendered":"La inflaci\u00f3n de Alemania sorprende al alza y repunta al 2,6% en diciembre"},"content":{"rendered":"<p>Cabe se\u00f1alar que, desde septiembre, la inflaci\u00f3n ha aumentado un punto porcentual en la primera econom\u00eda de la eurozona. En octubre, el IPC sum\u00f3 cuatro d\u00e9cimas, hasta el 2%, para posteriormente escalar al 2,2% en noviembre y, ahora, al 2,6%. As\u00ed, la inflaci\u00f3n se sit\u00faa 6 d\u00e9cimas porcentuales por encima del objetivo del Banco Central Europeo (BCE).<\/p>\n<p>Seg\u00fan ha informado Destatis, la oficina federal de estad\u00edstica de Alemania, en su informe preliminar, <strong>la inflaci\u00f3n media en 2024 en el pa\u00eds teut\u00f3n ha sido del 2,2%<\/strong>. Asimismo, el organismo espera que <strong>la inflaci\u00f3n subyacente, que excluye el impacto de la energ\u00eda y los alimentos, sea del 3,1% en diciembre.<\/strong><\/p>\n<p>Los mayores incrementos se dieron en los <strong>servicios (+4,1%)<\/strong>, en los<strong> alimentos (+2%)<\/strong> y en los<strong> bienes de consumo (+1,1%)<\/strong>. Por el contrario, <strong>la energ\u00eda sigui\u00f3 su tendencia descendente, ya que los precios cayeron un 1,7%<\/strong>, aunque a un ritmo m\u00e1s contenido, tras menguar un 3,7% en noviembre y un 5,5% en octubre.<\/p>\n<p>Por su parte, <strong>el IPC armonizado ha escalado hasta el 2,9%<\/strong>, lo que representa un avance de cinco d\u00e9cimas en tasa interanual respecto al registrado en noviembre. Esta referencia se ha incrementado un 2,5% de media en 2024 seg\u00fan los datos provisionales de Destatis.<\/p>\n<p>El dato tambi\u00e9n se ha situado por encima de las previsiones del consenso, que esperaba un repunte hasta el 2,6%. En tasa intermensual, el IPC armonizado se ha incrementado un 0,7%.<\/p>\n<p>&#013;<br \/>\nSource: Bolsamania.com<\/p>\n","protected":false},"excerpt":{"rendered":"<p>Cabe se\u00f1alar que, desde septiembre, la inflaci\u00f3n ha aumentado un punto porcentual en la primera econom\u00eda de la eurozona. En&#8230;<\/p>\n","protected":false},"author":1,"featured_media":0,"comment_status":"open","ping_status":"closed","sticky":false,"template":"","format":"standard","meta":[],"categories":[104],"tags":[99],"_links":{"self":[{"href":"https:\/\/tuavaluo.com\/avaluo\/wp-json\/wp\/v2\/posts\/84879"}],"collection":[{"href":"https:\/\/tuavaluo.com\/avaluo\/wp-json\/wp\/v2\/posts"}],"about":[{"href":"https:\/\/tuavaluo.com\/avaluo\/wp-json\/wp\/v2\/types\/post"}],"author":[{"embeddable":true,"href":"https:\/\/tuavaluo.com\/avaluo\/wp-json\/wp\/v2\/users\/1"}],"replies":[{"embeddable":true,"href":"https:\/\/tuavaluo.com\/avaluo\/wp-json\/wp\/v2\/comments?post=84879"}],"version-history":[{"count":0,"href":"https:\/\/tuavaluo.com\/avaluo\/wp-json\/wp\/v2\/posts\/84879\/revisions"}],"wp:attachment":[{"href":"https:\/\/tuavaluo.com\/avaluo\/wp-json\/wp\/v2\/media?parent=84879"}],"wp:term":[{"taxonomy":"category","embeddable":true,"href":"https:\/\/tuavaluo.com\/avaluo\/wp-json\/wp\/v2\/categories?post=84879"},{"taxonomy":"post_tag","embeddable":true,"href":"https:\/\/tuavaluo.com\/avaluo\/wp-json\/wp\/v2\/tags?post=84879"}],"curies":[{"name":"wp","href":"https:\/\/api.w.org\/{rel}","templated":true}]}}