{"id":85600,"date":"2025-01-21T09:22:00","date_gmt":"2025-01-21T09:22:00","guid":{"rendered":"https:\/\/tuavaluo.com\/avaluo\/2025\/01\/21\/unicredit-esperara-a-las-elecciones-en-alemania-para-ver-que-ocurre-con-commerzbank\/"},"modified":"2025-01-21T09:22:00","modified_gmt":"2025-01-21T09:22:00","slug":"unicredit-esperara-a-las-elecciones-en-alemania-para-ver-que-ocurre-con-commerzbank","status":"publish","type":"post","link":"https:\/\/tuavaluo.com\/avaluo\/2025\/01\/21\/unicredit-esperara-a-las-elecciones-en-alemania-para-ver-que-ocurre-con-commerzbank\/","title":{"rendered":"UniCredit esperar\u00e1 a las elecciones en Alemania para ver qu\u00e9 ocurre con Commerzbank"},"content":{"rendered":"<p>As\u00ed lo ha confirmado el consejero delegado, <strong><a href=\"https:\/\/www.bolsamania.com\/noticias\/empresas\/orcel-unicredit-defiende-fusion-commerzbank-vemos-potencial--17502932.html\" rel=\"noopener noreferrer\" target=\"_blank\" rel=\"nofollow\" >Andrea Orcel<\/a><\/strong>, durante una entrevista concedida a &#8216;Bloomberg&#8217; en el Foro de Davos.<\/p>\n<p>\u00abDado que las emociones son las que son, <strong>esperaremos a las elecciones y a que las cosas se calmen<\/strong>. Entonces, tendremos la oportunidad de, en lugar de hablar de percepciones, hablar de hechos, hablar de cifras, hablar del m\u00e9rito del acuerdo\u00bb, ha comentado Orcel.<\/p>\n<p>El directivo se ha mostrado sorprendido con la oposici\u00f3n de Alemania a que UniCredit se haga con el control del banco alem\u00e1n.<\/p>\n<p>\u00abEl <strong>gobierno nos invit\u00f3 como la \u00fanica opci\u00f3n estrat\u00e9gica para comprar su participaci\u00f3n<\/strong>.  Fuimos la mejor oferta y se nos pidi\u00f3 que ofreci\u00e9ramos nuevamente una prima sobre lo que hab\u00edamos ofrecido para obtener la participaci\u00f3n completa\u00bb, ha relatado.<\/p>\n<p>Sin embargo, la <strong>oposici\u00f3n de la opini\u00f3n p\u00fablica alemana<\/strong> a la operaci\u00f3n forz\u00f3 al Gobierno alem\u00e1n a oponerse a la toma de control del banco italiano, lo que ha obligado a paralizar la transacci\u00f3n.<\/p>\n<p>&#013;<br \/>\nSource: Bolsamania.com<\/p>\n","protected":false},"excerpt":{"rendered":"<p>As\u00ed lo ha confirmado el consejero delegado, Andrea Orcel, durante una entrevista concedida a &#8216;Bloomberg&#8217; en el Foro de Davos&#8230;.<\/p>\n","protected":false},"author":1,"featured_media":0,"comment_status":"open","ping_status":"closed","sticky":false,"template":"","format":"standard","meta":[],"categories":[104],"tags":[99],"_links":{"self":[{"href":"https:\/\/tuavaluo.com\/avaluo\/wp-json\/wp\/v2\/posts\/85600"}],"collection":[{"href":"https:\/\/tuavaluo.com\/avaluo\/wp-json\/wp\/v2\/posts"}],"about":[{"href":"https:\/\/tuavaluo.com\/avaluo\/wp-json\/wp\/v2\/types\/post"}],"author":[{"embeddable":true,"href":"https:\/\/tuavaluo.com\/avaluo\/wp-json\/wp\/v2\/users\/1"}],"replies":[{"embeddable":true,"href":"https:\/\/tuavaluo.com\/avaluo\/wp-json\/wp\/v2\/comments?post=85600"}],"version-history":[{"count":0,"href":"https:\/\/tuavaluo.com\/avaluo\/wp-json\/wp\/v2\/posts\/85600\/revisions"}],"wp:attachment":[{"href":"https:\/\/tuavaluo.com\/avaluo\/wp-json\/wp\/v2\/media?parent=85600"}],"wp:term":[{"taxonomy":"category","embeddable":true,"href":"https:\/\/tuavaluo.com\/avaluo\/wp-json\/wp\/v2\/categories?post=85600"},{"taxonomy":"post_tag","embeddable":true,"href":"https:\/\/tuavaluo.com\/avaluo\/wp-json\/wp\/v2\/tags?post=85600"}],"curies":[{"name":"wp","href":"https:\/\/api.w.org\/{rel}","templated":true}]}}