{"id":86078,"date":"2025-01-30T12:13:20","date_gmt":"2025-01-30T12:13:20","guid":{"rendered":"https:\/\/tuavaluo.com\/avaluo\/2025\/01\/30\/eidf-solar-adquiere-10-parques-fotovoltaicos-por-mas-de-62-millones-de-euros\/"},"modified":"2025-01-30T12:13:20","modified_gmt":"2025-01-30T12:13:20","slug":"eidf-solar-adquiere-10-parques-fotovoltaicos-por-mas-de-62-millones-de-euros","status":"publish","type":"post","link":"https:\/\/tuavaluo.com\/avaluo\/2025\/01\/30\/eidf-solar-adquiere-10-parques-fotovoltaicos-por-mas-de-62-millones-de-euros\/","title":{"rendered":"EiDF Solar adquiere 10 parques fotovoltaicos por m\u00e1s de 6,2 millones de euros"},"content":{"rendered":"<p>De esta manera, la compa\u00f1\u00eda pasar\u00e1 a ser <strong>administrador \u00fanico de m\u00e1s de 93 hect\u00e1reas de desarrollo fotovoltaico<\/strong>.<\/p>\n<p>Los parques se encuentran en diversas ubicaciones de la Comunidad de Madrid y <strong>todos est\u00e1n en fase de desarrollo<\/strong>, a la espera de la tramitaci\u00f3n de los permisos para iniciar la construcci\u00f3n.<\/p>\n<p>Est\u00e1 previsto que entren en fase RTB (ready to build) <strong>de manera progresiva entre 2025 y 2026<\/strong>.<\/p>\n<p>\u00abEsta compra es un importante hito ya que implica incorporar a la cartera de la compa\u00f1\u00eda una gran capacidad de generaci\u00f3n y un <strong>activo con rentabilidad a largo plazo<\/strong>, confirmando nuestra apuesta por el <strong>nuevo Plan Estrat\u00e9gico<\/strong>. Adem\u00e1s, una vez en funcionamiento, la energ\u00eda producida en los parques se verter\u00e1 en la red y se comercializar\u00e1 a trav\u00e9s de nuestra comercializadora, Nagini Energ\u00eda\u00bb, ha se\u00f1alado Joan Gelonch, consejero delegado de EiDF Solar.<\/p>\n<p>Esta operaci\u00f3n est\u00e1 alineada con el Plan Estrat\u00e9gico publicado por EiDF a finales del mes de diciembre y que establec\u00eda una <strong>nueva estrategia de negocio<\/strong> sustentada sobre la tenencia de activos propios que generen una rentabilidad a largo plazo.<\/p>\n<\/p>\n<p>&#013;<br \/>\nSource: Bolsamania.com<\/p>\n","protected":false},"excerpt":{"rendered":"<p>De esta manera, la compa\u00f1\u00eda pasar\u00e1 a ser administrador \u00fanico de m\u00e1s de 93 hect\u00e1reas de desarrollo fotovoltaico. Los parques&#8230;<\/p>\n","protected":false},"author":1,"featured_media":0,"comment_status":"open","ping_status":"closed","sticky":false,"template":"","format":"standard","meta":[],"categories":[104],"tags":[99],"_links":{"self":[{"href":"https:\/\/tuavaluo.com\/avaluo\/wp-json\/wp\/v2\/posts\/86078"}],"collection":[{"href":"https:\/\/tuavaluo.com\/avaluo\/wp-json\/wp\/v2\/posts"}],"about":[{"href":"https:\/\/tuavaluo.com\/avaluo\/wp-json\/wp\/v2\/types\/post"}],"author":[{"embeddable":true,"href":"https:\/\/tuavaluo.com\/avaluo\/wp-json\/wp\/v2\/users\/1"}],"replies":[{"embeddable":true,"href":"https:\/\/tuavaluo.com\/avaluo\/wp-json\/wp\/v2\/comments?post=86078"}],"version-history":[{"count":0,"href":"https:\/\/tuavaluo.com\/avaluo\/wp-json\/wp\/v2\/posts\/86078\/revisions"}],"wp:attachment":[{"href":"https:\/\/tuavaluo.com\/avaluo\/wp-json\/wp\/v2\/media?parent=86078"}],"wp:term":[{"taxonomy":"category","embeddable":true,"href":"https:\/\/tuavaluo.com\/avaluo\/wp-json\/wp\/v2\/categories?post=86078"},{"taxonomy":"post_tag","embeddable":true,"href":"https:\/\/tuavaluo.com\/avaluo\/wp-json\/wp\/v2\/tags?post=86078"}],"curies":[{"name":"wp","href":"https:\/\/api.w.org\/{rel}","templated":true}]}}