{"id":86121,"date":"2025-01-31T08:27:23","date_gmt":"2025-01-31T08:27:23","guid":{"rendered":"https:\/\/tuavaluo.com\/avaluo\/2025\/01\/31\/las-ventas-minoristas-crecen-en-diciembre-un-35-y-acumulan-una-subida-del-21-en-2024\/"},"modified":"2025-01-31T08:27:23","modified_gmt":"2025-01-31T08:27:23","slug":"las-ventas-minoristas-crecen-en-diciembre-un-35-y-acumulan-una-subida-del-21-en-2024","status":"publish","type":"post","link":"https:\/\/tuavaluo.com\/avaluo\/2025\/01\/31\/las-ventas-minoristas-crecen-en-diciembre-un-35-y-acumulan-una-subida-del-21-en-2024\/","title":{"rendered":"Las ventas minoristas crecen en diciembre un 3,5% y acumulan una subida del 2,1% en 2024"},"content":{"rendered":"<p>Corregido de efectos estacionales y de calendario, el volumen del comercio minorista en Espa\u00f1a subi\u00f3 un 4% en diciembre, 3,1 puntos m\u00e1s que el mes previo, y un 1,7% en el acumulado de 2024.<\/p>\n<p>Por CCAA, las ventas minoristas subieron en todas ellas, siendo <strong>Canarias la que presenta el mayor aumento<\/strong>, del <strong>6,5%<\/strong>. En el conjunto del a\u00f1o, Canarias registr\u00f3 tambi\u00e9n el mayor incremento de ventas, del <strong>5,2%<\/strong>.<\/p>\n<p>En cuanto al empleo, <strong>la ocupaci\u00f3n en este sector del comercio present\u00f3 en diciembre una subida del 1,7%<\/strong>. Suma ya cuatro a\u00f1os consecutivos de incrementos. No obstante, esta tasa es dos d\u00e9cimas menor de la registrada en noviembre. En la media anual, la ocupaci\u00f3n registr\u00f3 un <strong>aumento del 1,9% en 2024<\/strong>.<\/p>\n<p>Mientras, respecto a la evoluci\u00f3n en t\u00e9rminos intermensuales, las ventas en el comercio minorista crecieron un 1,5% en diciembre. Esta tasa fue 2,2 puntos superior a la del mes anterior. Todos los modos de distribuci\u00f3n presentaron tasas mensuales positivas en diciembre. <strong>Grandes superficies registr\u00f3 el mayor incremento (3,7%)<\/strong>.<\/p>\n<p>El \u00edndice general sin estaciones de servicio registr\u00f3 una tasa mensual del 1,9%. Por productos, <strong>Alimentaci\u00f3n aument\u00f3 un 1%<\/strong> y Resto un 2,2%.<\/p>\n<p>&#013;<br \/>\nSource: Bolsamania.com<\/p>\n","protected":false},"excerpt":{"rendered":"<p>Corregido de efectos estacionales y de calendario, el volumen del comercio minorista en Espa\u00f1a subi\u00f3 un 4% en diciembre, 3,1&#8230;<\/p>\n","protected":false},"author":1,"featured_media":0,"comment_status":"open","ping_status":"closed","sticky":false,"template":"","format":"standard","meta":[],"categories":[104],"tags":[99],"_links":{"self":[{"href":"https:\/\/tuavaluo.com\/avaluo\/wp-json\/wp\/v2\/posts\/86121"}],"collection":[{"href":"https:\/\/tuavaluo.com\/avaluo\/wp-json\/wp\/v2\/posts"}],"about":[{"href":"https:\/\/tuavaluo.com\/avaluo\/wp-json\/wp\/v2\/types\/post"}],"author":[{"embeddable":true,"href":"https:\/\/tuavaluo.com\/avaluo\/wp-json\/wp\/v2\/users\/1"}],"replies":[{"embeddable":true,"href":"https:\/\/tuavaluo.com\/avaluo\/wp-json\/wp\/v2\/comments?post=86121"}],"version-history":[{"count":0,"href":"https:\/\/tuavaluo.com\/avaluo\/wp-json\/wp\/v2\/posts\/86121\/revisions"}],"wp:attachment":[{"href":"https:\/\/tuavaluo.com\/avaluo\/wp-json\/wp\/v2\/media?parent=86121"}],"wp:term":[{"taxonomy":"category","embeddable":true,"href":"https:\/\/tuavaluo.com\/avaluo\/wp-json\/wp\/v2\/categories?post=86121"},{"taxonomy":"post_tag","embeddable":true,"href":"https:\/\/tuavaluo.com\/avaluo\/wp-json\/wp\/v2\/tags?post=86121"}],"curies":[{"name":"wp","href":"https:\/\/api.w.org\/{rel}","templated":true}]}}