{"id":86159,"date":"2025-01-31T17:08:41","date_gmt":"2025-01-31T17:08:41","guid":{"rendered":"https:\/\/tuavaluo.com\/avaluo\/2025\/01\/31\/iberdrola-bate-record-de-energia-distribuida-en-2024-por-la-recuperacion-de-la-demanda\/"},"modified":"2025-01-31T17:08:41","modified_gmt":"2025-01-31T17:08:41","slug":"iberdrola-bate-record-de-energia-distribuida-en-2024-por-la-recuperacion-de-la-demanda","status":"publish","type":"post","link":"https:\/\/tuavaluo.com\/avaluo\/2025\/01\/31\/iberdrola-bate-record-de-energia-distribuida-en-2024-por-la-recuperacion-de-la-demanda\/","title":{"rendered":"Iberdrola bate r\u00e9cord de energ\u00eda distribuida en 2024 por la recuperaci\u00f3n de la demanda"},"content":{"rendered":"<p>La compa\u00f1\u00eda ha comunicado a la Comisi\u00f3n Nacional del Mercado de Valores (CNMV) que el \u00abbuen comportamiento\u00bb del negocio de la distribuci\u00f3n de electricidad se ha debido a la <strong>recuperaci\u00f3n de la demanda el\u00e9ctrica<\/strong> en todas las \u00e1reas donde opera redes el\u00e9ctricas en los pa\u00edses de Espa\u00f1a, Reino Unido, Estados Unidos y Brasil y a la<strong> electrificaci\u00f3n<\/strong>.<\/p>\n<p><strong>El aumento de la demanda el\u00e9ctrica ha reforzado<\/strong>, asimismo, <strong>la producci\u00f3n renovable de Iberdrola<\/strong>, que tambi\u00e9n ha alcanzado un r\u00e9cord, al rozar los <strong>83.300 de GWh, un 5% m\u00e1s<\/strong> que el a\u00f1o anterior. \u00abLa producci\u00f3n total de la compa\u00f1\u00eda se sit\u00faa en 132.499 GWh (-21,4%), teniendo en cuenta que se cerr\u00f3 la venta de 8.500 MW de ciclos combinados en M\u00e9xico en el primer trimestre de 2024\u00bb.<\/p>\n<p>A todo ello hay que sumar que<strong> la capacidad renovable de la empresa concluye 2024 en una cifra hist\u00f3rica de 44.478 MW<\/strong>, tras a\u00f1adir 2.440 MW nuevos en los \u00faltimos 12 meses.<\/p>\n<p>\u00ab<strong>Este triple r\u00e9cord<\/strong> obtenido por Iberdrola en distribuci\u00f3n el\u00e9ctrica, en generaci\u00f3n renovable y en potencia &#8216;verde&#8217; instalada <strong>se debe a las inversiones realizadas<\/strong>, que aceleran el despliegue de las redes el\u00e9ctricas y las energ\u00edas renovables, especialmente de las tecnolog\u00edas gestionables como el almacenamiento por bombeo\u00bb, ha enfatizado la compa\u00f1\u00eda.<\/p>\n<p>Este \u00abpositivo\u00bb comportamiento del balance energ\u00e9tico se enmarca en la<strong> hoja de ruta de Iberdrola<\/strong>, que prev\u00e9 seguir impulsando la electrificaci\u00f3n, como el \u00ab\u00fanico camino para conseguir la autonom\u00eda energ\u00e9tica y, por consiguiente, una mayor eficiencia energ\u00e9tica y econ\u00f3mica para todos los consumidores\u00bb.<\/p>\n<p>En la segunda quincena de septiembre la el\u00e9ctrica tiene previsto <strong>actualizar el Plan Estrat\u00e9gico 2024-2026<\/strong>.<\/p>\n<p>&#013;<br \/>\nSource: Bolsamania.com<\/p>\n","protected":false},"excerpt":{"rendered":"<p>La compa\u00f1\u00eda ha comunicado a la Comisi\u00f3n Nacional del Mercado de Valores (CNMV) que el \u00abbuen comportamiento\u00bb del negocio de&#8230;<\/p>\n","protected":false},"author":1,"featured_media":0,"comment_status":"open","ping_status":"closed","sticky":false,"template":"","format":"standard","meta":[],"categories":[104],"tags":[99],"_links":{"self":[{"href":"https:\/\/tuavaluo.com\/avaluo\/wp-json\/wp\/v2\/posts\/86159"}],"collection":[{"href":"https:\/\/tuavaluo.com\/avaluo\/wp-json\/wp\/v2\/posts"}],"about":[{"href":"https:\/\/tuavaluo.com\/avaluo\/wp-json\/wp\/v2\/types\/post"}],"author":[{"embeddable":true,"href":"https:\/\/tuavaluo.com\/avaluo\/wp-json\/wp\/v2\/users\/1"}],"replies":[{"embeddable":true,"href":"https:\/\/tuavaluo.com\/avaluo\/wp-json\/wp\/v2\/comments?post=86159"}],"version-history":[{"count":0,"href":"https:\/\/tuavaluo.com\/avaluo\/wp-json\/wp\/v2\/posts\/86159\/revisions"}],"wp:attachment":[{"href":"https:\/\/tuavaluo.com\/avaluo\/wp-json\/wp\/v2\/media?parent=86159"}],"wp:term":[{"taxonomy":"category","embeddable":true,"href":"https:\/\/tuavaluo.com\/avaluo\/wp-json\/wp\/v2\/categories?post=86159"},{"taxonomy":"post_tag","embeddable":true,"href":"https:\/\/tuavaluo.com\/avaluo\/wp-json\/wp\/v2\/tags?post=86159"}],"curies":[{"name":"wp","href":"https:\/\/api.w.org\/{rel}","templated":true}]}}