{"id":86442,"date":"2025-02-06T13:43:09","date_gmt":"2025-02-06T13:43:09","guid":{"rendered":"https:\/\/tuavaluo.com\/avaluo\/2025\/02\/06\/iberdrola-vende-una-central-hidroelectrica-en-brasil-por-238-millones-de-euros\/"},"modified":"2025-02-06T13:43:09","modified_gmt":"2025-02-06T13:43:09","slug":"iberdrola-vende-una-central-hidroelectrica-en-brasil-por-238-millones-de-euros","status":"publish","type":"post","link":"https:\/\/tuavaluo.com\/avaluo\/2025\/02\/06\/iberdrola-vende-una-central-hidroelectrica-en-brasil-por-238-millones-de-euros\/","title":{"rendered":"Iberdrola vende una central hidroel\u00e9ctrica en Brasil por 238 millones de euros"},"content":{"rendered":"<p>A trav\u00e9s de su filial brasile\u00f1a, <strong>Neoenergia<\/strong>, la compa\u00f1\u00eda que preside Ignacio Gal\u00e1n <strong>controlaba el 70% la Central Hidroel\u00e9ctrica Baixo Igua\u00e7u<\/strong>, ubicada en Paran\u00e1. Esta central cuenta con <strong>una capacidad instalada de 350 MW y 172 MWm de energ\u00eda asegurada.<\/strong><\/p>\n<p>\u00abEsta transacci\u00f3n refuerza la estrategia de rotaci\u00f3n de activos de Iberdrola enfocada en la optimizaci\u00f3n del portafolio con creaci\u00f3n de valor, disciplina de capital y simplificaci\u00f3n de su estructura\u00bb, ha explicado Iberdrola.<\/p>\n<p>La cotizada ha cerrado recientemente diversas alianzas a largo plazo para acelerar su crecimiento e impulsar la descarbonizaci\u00f3n de la econom\u00eda manteniendo su fortaleza financiera, como la entrada de Kansai en el proyecto e\u00f3lico marino alem\u00e1n Windanker valorado en 1.280 millones de euros. Tambi\u00e9n cerr\u00f3 el pasado mes de octubre la compra de la brit\u00e1nica ENW para seguir expandi\u00e9ndose en el negocio de redes, con Kansai como socio.<\/p>\n<p>En enero de 2023, la compa\u00f1\u00eda firm\u00f3 con Norges Bank una alianza para coinvertir en renovables que, tras su ampliaci\u00f3n, alcanzar\u00e1 los 2.500 MW. Iberdrola cerr\u00f3 en diciembre de 2023 un acuerdo con Masdar para coinvertir hasta 15.000 millones en e\u00f3lica marina e hidr\u00f3geno verde en Alemania, el Reino Unido y EEUU, cuyo primer hito fue el acuerdo anunciado en julio para el parque e\u00f3lico marino Baltic Eagle, en Alemania.<\/p>\n<p>La compa\u00f1\u00eda tambi\u00e9n vendi\u00f3 el pasado mes de febrero m\u00e1s de 8.400 MW de ciclos combinados de gas en M\u00e9xico por 6.200 millones de d\u00f3lare y lanz\u00f3 en marzo de 2023, junto a BP, una empresa conjunta para desplegar 11.700 puntos de carga r\u00e1pida en Espa\u00f1a y Portugal. Tambi\u00e9n han constituido una &#8216;joint venture&#8217; al 50% para desarrollar un proyecto de hidrogeno verde de 25 MW, la mayor planta de Espa\u00f1a.<\/p>\n<p>&#013;<br \/>\nSource: Bolsamania.com<\/p>\n","protected":false},"excerpt":{"rendered":"<p>A trav\u00e9s de su filial brasile\u00f1a, Neoenergia, la compa\u00f1\u00eda que preside Ignacio Gal\u00e1n controlaba el 70% la Central Hidroel\u00e9ctrica Baixo&#8230;<\/p>\n","protected":false},"author":1,"featured_media":0,"comment_status":"open","ping_status":"closed","sticky":false,"template":"","format":"standard","meta":[],"categories":[104],"tags":[99],"_links":{"self":[{"href":"https:\/\/tuavaluo.com\/avaluo\/wp-json\/wp\/v2\/posts\/86442"}],"collection":[{"href":"https:\/\/tuavaluo.com\/avaluo\/wp-json\/wp\/v2\/posts"}],"about":[{"href":"https:\/\/tuavaluo.com\/avaluo\/wp-json\/wp\/v2\/types\/post"}],"author":[{"embeddable":true,"href":"https:\/\/tuavaluo.com\/avaluo\/wp-json\/wp\/v2\/users\/1"}],"replies":[{"embeddable":true,"href":"https:\/\/tuavaluo.com\/avaluo\/wp-json\/wp\/v2\/comments?post=86442"}],"version-history":[{"count":0,"href":"https:\/\/tuavaluo.com\/avaluo\/wp-json\/wp\/v2\/posts\/86442\/revisions"}],"wp:attachment":[{"href":"https:\/\/tuavaluo.com\/avaluo\/wp-json\/wp\/v2\/media?parent=86442"}],"wp:term":[{"taxonomy":"category","embeddable":true,"href":"https:\/\/tuavaluo.com\/avaluo\/wp-json\/wp\/v2\/categories?post=86442"},{"taxonomy":"post_tag","embeddable":true,"href":"https:\/\/tuavaluo.com\/avaluo\/wp-json\/wp\/v2\/tags?post=86442"}],"curies":[{"name":"wp","href":"https:\/\/api.w.org\/{rel}","templated":true}]}}