{"id":86595,"date":"2025-02-10T16:23:24","date_gmt":"2025-02-10T16:23:24","guid":{"rendered":"https:\/\/tuavaluo.com\/avaluo\/2025\/02\/10\/mapfre-reestructura-su-filial-de-reaseguro-con-javier-san-basilio-al-frente\/"},"modified":"2025-02-10T16:23:24","modified_gmt":"2025-02-10T16:23:24","slug":"mapfre-reestructura-su-filial-de-reaseguro-con-javier-san-basilio-al-frente","status":"publish","type":"post","link":"https:\/\/tuavaluo.com\/avaluo\/2025\/02\/10\/mapfre-reestructura-su-filial-de-reaseguro-con-javier-san-basilio-al-frente\/","title":{"rendered":"Mapfre reestructura su filial de reaseguro con Javier San Basilio al frente"},"content":{"rendered":"<p>Estos cambios, que <strong>entrar\u00e1n en vigor el 1 de marzo de este a\u00f1o<\/strong>, buscan avanzar en los objetivos estrat\u00e9gicos de la compa\u00f1\u00eda, como son \u00abel desarrollo del negocio de Vida, con un mayor enfoque estrat\u00e9gico, comercial y t\u00e9cnico\u00bb.<\/p>\n<p>Por su parte, <strong>el negocio No Grupo se estructura a trav\u00e9s de dos l\u00edneas: Suscripci\u00f3n No Vida y Negocio Vida<\/strong>. Al frente de la subdirecci\u00f3n general de Suscripci\u00f3n No Vida estar\u00e1 Carmen Bueso, mientras que la subdirecci\u00f3n general de Negocio Vida estar\u00e1 liderada por Maite Gonz\u00e1lez, que ser\u00e1 la m\u00e1xima responsable del negocio de Vida, Accidentes y Salud, asumiendo la coordinaci\u00f3n de los responsables regionales del negocio de Vida. Ambas asumen estas responsabilidades con el cargo de subdirectoras generales.<\/p>\n<p>Asimismo, <strong>se ha nombrado como director del \u00e1rea regional Iberia\/Latam a Ricardo P\u00e9rez, que se incorpora, adem\u00e1s, al Comit\u00e9 de Direcci\u00f3n de Mpfre Re<\/strong>. Los diferentes mercados en los que opera la reaseguradora quedan estructurados en 4 grandes \u00e1reas regionales: la mencionada Iberia\/Latam, APAC (liderada por Javier S\u00e1nchez Cea), EMEA (al frente de la cual est\u00e1 Mark Meyerhoff) y Norteam\u00e9rica (con Carlos Sanzo como m\u00e1ximo responsable).<\/p>\n<p>El <strong>negocio procedente del Grupo Mapfre se mantiene sin cambios<\/strong>, bajo la subdirecci\u00f3n general liderada por Fernando Utrilla.<\/p>\n<p>Tambi\u00e9n se crea una direcci\u00f3n de Estrategia, Comunicaci\u00f3n, Sostenibilidad e Innovaci\u00f3n, con el objetivo de proyectar una visi\u00f3n integrada de todas estas \u00e1reas, y al frente de la misma estar\u00e1, como director, <strong>Juan Satr\u00fastegui.<\/strong><\/p>\n<p>\u00abEstos cambios nos permitir\u00e1n avanzar con m\u00e1s agilidad y ambici\u00f3n en la estrategia de Mapfre RE y afrontar los grandes retos a los que nos enfrentamos en los pr\u00f3ximos a\u00f1os. <strong>Seguiremos potenciando el negocio No Vida e impulsaremos a\u00fan m\u00e1s el desarrollo del negocio de Vida, un segmento en el que tenemos un gran recorrido por delante\u00bb<\/strong>, se\u00f1ala Miguel Rosa, CEO de la firma.<\/p>\n<p>&#013;<br \/>\nSource: Bolsamania.com<\/p>\n","protected":false},"excerpt":{"rendered":"<p>Estos cambios, que entrar\u00e1n en vigor el 1 de marzo de este a\u00f1o, buscan avanzar en los objetivos estrat\u00e9gicos de&#8230;<\/p>\n","protected":false},"author":1,"featured_media":0,"comment_status":"open","ping_status":"closed","sticky":false,"template":"","format":"standard","meta":[],"categories":[104],"tags":[99],"_links":{"self":[{"href":"https:\/\/tuavaluo.com\/avaluo\/wp-json\/wp\/v2\/posts\/86595"}],"collection":[{"href":"https:\/\/tuavaluo.com\/avaluo\/wp-json\/wp\/v2\/posts"}],"about":[{"href":"https:\/\/tuavaluo.com\/avaluo\/wp-json\/wp\/v2\/types\/post"}],"author":[{"embeddable":true,"href":"https:\/\/tuavaluo.com\/avaluo\/wp-json\/wp\/v2\/users\/1"}],"replies":[{"embeddable":true,"href":"https:\/\/tuavaluo.com\/avaluo\/wp-json\/wp\/v2\/comments?post=86595"}],"version-history":[{"count":0,"href":"https:\/\/tuavaluo.com\/avaluo\/wp-json\/wp\/v2\/posts\/86595\/revisions"}],"wp:attachment":[{"href":"https:\/\/tuavaluo.com\/avaluo\/wp-json\/wp\/v2\/media?parent=86595"}],"wp:term":[{"taxonomy":"category","embeddable":true,"href":"https:\/\/tuavaluo.com\/avaluo\/wp-json\/wp\/v2\/categories?post=86595"},{"taxonomy":"post_tag","embeddable":true,"href":"https:\/\/tuavaluo.com\/avaluo\/wp-json\/wp\/v2\/tags?post=86595"}],"curies":[{"name":"wp","href":"https:\/\/api.w.org\/{rel}","templated":true}]}}