{"id":86643,"date":"2025-02-11T11:22:23","date_gmt":"2025-02-11T11:22:23","guid":{"rendered":"https:\/\/tuavaluo.com\/avaluo\/2025\/02\/11\/loreal-anuncia-cambios-en-su-comite-de-direccion-de-espana-y-portugal\/"},"modified":"2025-02-11T11:22:23","modified_gmt":"2025-02-11T11:22:23","slug":"loreal-anuncia-cambios-en-su-comite-de-direccion-de-espana-y-portugal","status":"publish","type":"post","link":"https:\/\/tuavaluo.com\/avaluo\/2025\/02\/11\/loreal-anuncia-cambios-en-su-comite-de-direccion-de-espana-y-portugal\/","title":{"rendered":"L&#039;Or\u00e9al anuncia cambios en su Comit\u00e9 de Direcci\u00f3n de Espa\u00f1a y Portugal"},"content":{"rendered":"<p>L&#8217;Or\u00e9al ha destacado el papel que Esther Garc\u00eda ha desempe\u00f1ado en la <strong>evoluci\u00f3n digital y la estrategia de marketing del cl\u00faster ib\u00e9rico<\/strong>. Desde su llegada en 2018, ha impulsado la transformaci\u00f3n de marcas como L&#8217;Or\u00e9al Paris y Essie, adem\u00e1s de liderar la comunicaci\u00f3n corporativa y la responsabilidad social en Espa\u00f1a. M\u00e1s recientemente, como CDMO, ha consolidado el comercio electr\u00f3nico y potenciado la colaboraci\u00f3n entre equipos para fortalecer la presencia digital, ha indicado la compa\u00f1\u00eda en un comunicado.<\/p>\n<p>De origen belga y con una \u00abs\u00f3lida\u00bb experiencia internacional, Kim Dirckx ha desarrollado su carrera en diversas industrias, incluyendo <strong>consultor\u00eda, automoci\u00f3n y publicidad<\/strong>. Su recorrido en L&#8217;Or\u00e9al Groupe la ha llevado a desempe\u00f1ar<strong> funciones estrat\u00e9gicas en M\u00e9xico, Estados Unidos y Francia<\/strong>, ocupando posiciones como CDMO para Latinoam\u00e9rica y para la Divisi\u00f3n de Productos de Consumo, adem\u00e1s de liderar Sostenibilidad, Alianzas e Innovaci\u00f3n en el equipo de Asmita Dubey.<\/p>\n<p>\u201cEstoy emocionada de unirme al equipo de Espa\u00f1a y Portugal, un mercado din\u00e1mico y lleno de oportunidades. En L&#8217;Or\u00e9al Groupe hemos demostrado nuestra capacidad para adaptarnos con agilidad a los nuevos lenguajes e inquietudes del p\u00fablico, estableciendo conexiones m\u00e1s aut\u00e9nticas y significativas. Lideramos la conversaci\u00f3n en el entorno social, donde nuestras marcas est\u00e1n presentes en 1 de cada 2 conversaciones de belleza. Estoy deseando contribuir a <strong>esta transformaci\u00f3n digital y continuar fortaleciendo el v\u00ednculo entre nuestras marcas y los consumidores<\/strong>, creando experiencias relevantes e innovadoras\u201d, ha declarado Kim Dirckx al asumir su nuevo rol.<\/p>\n<p>&#013;<br \/>\nSource: Bolsamania.com<\/p>\n","protected":false},"excerpt":{"rendered":"<p>L&#8217;Or\u00e9al ha destacado el papel que Esther Garc\u00eda ha desempe\u00f1ado en la evoluci\u00f3n digital y la estrategia de marketing del&#8230;<\/p>\n","protected":false},"author":1,"featured_media":0,"comment_status":"open","ping_status":"closed","sticky":false,"template":"","format":"standard","meta":[],"categories":[104],"tags":[99],"_links":{"self":[{"href":"https:\/\/tuavaluo.com\/avaluo\/wp-json\/wp\/v2\/posts\/86643"}],"collection":[{"href":"https:\/\/tuavaluo.com\/avaluo\/wp-json\/wp\/v2\/posts"}],"about":[{"href":"https:\/\/tuavaluo.com\/avaluo\/wp-json\/wp\/v2\/types\/post"}],"author":[{"embeddable":true,"href":"https:\/\/tuavaluo.com\/avaluo\/wp-json\/wp\/v2\/users\/1"}],"replies":[{"embeddable":true,"href":"https:\/\/tuavaluo.com\/avaluo\/wp-json\/wp\/v2\/comments?post=86643"}],"version-history":[{"count":0,"href":"https:\/\/tuavaluo.com\/avaluo\/wp-json\/wp\/v2\/posts\/86643\/revisions"}],"wp:attachment":[{"href":"https:\/\/tuavaluo.com\/avaluo\/wp-json\/wp\/v2\/media?parent=86643"}],"wp:term":[{"taxonomy":"category","embeddable":true,"href":"https:\/\/tuavaluo.com\/avaluo\/wp-json\/wp\/v2\/categories?post=86643"},{"taxonomy":"post_tag","embeddable":true,"href":"https:\/\/tuavaluo.com\/avaluo\/wp-json\/wp\/v2\/tags?post=86643"}],"curies":[{"name":"wp","href":"https:\/\/api.w.org\/{rel}","templated":true}]}}