{"id":87755,"date":"2025-03-04T20:00:50","date_gmt":"2025-03-04T20:00:50","guid":{"rendered":"https:\/\/tuavaluo.com\/avaluo\/2025\/03\/04\/repsol-inicia-este-miercoles-un-programa-de-recompra-de-acciones-de-300-millones\/"},"modified":"2025-03-04T20:00:50","modified_gmt":"2025-03-04T20:00:50","slug":"repsol-inicia-este-miercoles-un-programa-de-recompra-de-acciones-de-300-millones","status":"publish","type":"post","link":"https:\/\/tuavaluo.com\/avaluo\/2025\/03\/04\/repsol-inicia-este-miercoles-un-programa-de-recompra-de-acciones-de-300-millones\/","title":{"rendered":"Repsol inicia este mi\u00e9rcoles un programa de recompra de acciones de 300 millones"},"content":{"rendered":"<p>El \u00fanico prop\u00f3sito del programa es \u00abadquirir parte de las acciones propias que se <strong>amortizar\u00edan en el caso de que la reducci\u00f3n de capital resultara aprobada por la pr\u00f3xima Junta General de Accionistas<\/strong> en los t\u00e9rminos que esta decida\u00bb.<\/p>\n<p>El n\u00famero m\u00e1ximo de acciones a adquirir al amparo del programa depender\u00e1 del precio medio al que se realicen las compras, pero <strong>no exceder\u00e1 los 50 millones<\/strong>. Asumiendo que el precio medio de compra ascendiera a 11,57 euros, el se adquirir\u00eda un m\u00e1ximo de 25.929.127 t\u00edtulos, que representan el 2,24% del capital social de Repsol.<\/p>\n<p>En lo que respecta al volumen de contrataci\u00f3n,<strong> Repsol no comprar\u00e1 m\u00e1s del 25% del volumen medio diario de las acciones en el centro de negociaci\u00f3n en que se lleve a cabo la compra<\/strong>.<\/p>\n<p>El programa <strong>comenzar\u00e1 este mi\u00e9rcoles y permanecer\u00e1 vigente hasta el 30 de julio de este a\u00f1o<\/strong>, aunque la compa\u00f1\u00eda se reserva el derecho a finalizarlo con anterioridad si alcanza alguno de los l\u00edmites establecidos.<\/p>\n<p>&#013;<br \/>\nSource: Bolsamania.com<\/p>\n","protected":false},"excerpt":{"rendered":"<p>El \u00fanico prop\u00f3sito del programa es \u00abadquirir parte de las acciones propias que se amortizar\u00edan en el caso de que&#8230;<\/p>\n","protected":false},"author":1,"featured_media":0,"comment_status":"open","ping_status":"closed","sticky":false,"template":"","format":"standard","meta":[],"categories":[104],"tags":[99],"_links":{"self":[{"href":"https:\/\/tuavaluo.com\/avaluo\/wp-json\/wp\/v2\/posts\/87755"}],"collection":[{"href":"https:\/\/tuavaluo.com\/avaluo\/wp-json\/wp\/v2\/posts"}],"about":[{"href":"https:\/\/tuavaluo.com\/avaluo\/wp-json\/wp\/v2\/types\/post"}],"author":[{"embeddable":true,"href":"https:\/\/tuavaluo.com\/avaluo\/wp-json\/wp\/v2\/users\/1"}],"replies":[{"embeddable":true,"href":"https:\/\/tuavaluo.com\/avaluo\/wp-json\/wp\/v2\/comments?post=87755"}],"version-history":[{"count":0,"href":"https:\/\/tuavaluo.com\/avaluo\/wp-json\/wp\/v2\/posts\/87755\/revisions"}],"wp:attachment":[{"href":"https:\/\/tuavaluo.com\/avaluo\/wp-json\/wp\/v2\/media?parent=87755"}],"wp:term":[{"taxonomy":"category","embeddable":true,"href":"https:\/\/tuavaluo.com\/avaluo\/wp-json\/wp\/v2\/categories?post=87755"},{"taxonomy":"post_tag","embeddable":true,"href":"https:\/\/tuavaluo.com\/avaluo\/wp-json\/wp\/v2\/tags?post=87755"}],"curies":[{"name":"wp","href":"https:\/\/api.w.org\/{rel}","templated":true}]}}