{"id":87779,"date":"2025-03-05T09:24:13","date_gmt":"2025-03-05T09:24:13","guid":{"rendered":"https:\/\/tuavaluo.com\/avaluo\/2025\/03\/05\/el-crecimiento-del-sector-servicios-de-la-eurozona-pierde-impulso-en-febrero\/"},"modified":"2025-03-05T09:24:13","modified_gmt":"2025-03-05T09:24:13","slug":"el-crecimiento-del-sector-servicios-de-la-eurozona-pierde-impulso-en-febrero","status":"publish","type":"post","link":"https:\/\/tuavaluo.com\/avaluo\/2025\/03\/05\/el-crecimiento-del-sector-servicios-de-la-eurozona-pierde-impulso-en-febrero\/","title":{"rendered":"El crecimiento del sector servicios de la eurozona pierde impulso en febrero"},"content":{"rendered":"<div class=\"read-more-links\">\n<h5>Noticia relacionada<\/h5>\n<p><a class=\"readMore\" href=\"https:\/\/www.bolsamania.com\/noticias\/economia\/pmi-sector-servicios-espanol-fuerza-impulsora-febrero--19097904.html\" rel=\"noopener noreferrer\" target=\"_blank\" data-id=\"19097904\" rel=\"nofollow\" ><\/p>\n<figure><img class=\"lazy\" title=\"Leer m\u00e1s\" data-original=\"https:\/\/img2.s3wfg.com\/web\/img\/images_uploaded\/6\/4\/ep_archivo_-_gente_paseando_por_una_calle_comercial_de_barcelona_285x185.jpg\" data-src=\"https:\/\/img2.s3wfg.com\/web\/img\/images_uploaded\/6\/4\/ep_archivo_-_gente_paseando_por_una_calle_comercial_de_barcelona_285x185.jpg\" \/><\/figure>\n<p>El sector servicios espa\u00f1ol se mantiene como \u00abfuerza impulsora\u00bb de la actividad en febrero <\/a><\/div>\n<p>\u00abLa buena noticia es que la desaceleraci\u00f3n en el sector manufacturero se est\u00e1 atenuando, lo que <strong>podr\u00eda allanar el camino para la recuperaci\u00f3n de toda la econom\u00eda<\/strong>\u00ab, a\u00f1aden en Hamburg Commercial Bank.<\/p>\n<p>Concretamente, el <strong>\u00edndice PMI de actividad comercial del sector servicios de la zona euro<\/strong> se\u00f1al\u00f3 la tercera expansi\u00f3n mensual consecutiva de la actividad comercial. No obstante, al situarse en 50,6 en febrero, la lectura baj\u00f3 de 51,3 en enero, hasta alcanzar su <strong>m\u00ednima de tres meses<\/strong>.<\/p>\n<p>La fortaleza de la expansi\u00f3n se vio afectada por una ca\u00edda de los nuevos pedidos, que disminuyeron por primera vez desde noviembre de 2024. La <strong>demanda de servicios de la zona euro por parte de clientes del extranjero se debilit\u00f3<\/strong>, pero al ritmo m\u00e1s d\u00e9bil en siete meses.<\/p>\n<p>El aumento de la actividad junto con una menor recepci\u00f3n de nuevos pedidos facilit\u00f3 otra ca\u00edda de los trabajos por completar en febrero. Se hicieron avances m\u00e1s contundentes en los pedidos pendientes y el ritmo de reducci\u00f3n fue el m\u00e1s r\u00e1pido en poco m\u00e1s de un a\u00f1o. Las empresas de servicios de la zona euro siguieron<strong> aumentando los niveles de empleo, aunque en una medida que fue solo marginal<\/strong> en general y m\u00e1s suave que en enero.<\/p>\n<p>Las presiones de los costes se mantuvieron elevadas y los precios pagados aumentaron a una tasa igual que la m\u00e1xima de nueve meses registrada en enero. A su vez, los \u00faltimos datos de la encuesta se\u00f1alaron <strong>otro aumento hist\u00f3ricamente pronunciado de los precios cobrados<\/strong>, que fue el m\u00e1s fuerte en diez meses.<\/p>\n<p>\u00abEl optimismo de las empresas de servicios con respecto a la actividad futura no alcanza la media a largo plazo, ya que el entorno est\u00e1 fuertemente marcado por la incertidumbre pol\u00edtica en Francia y Alemania, as\u00ed como por un <strong>flujo de noticias internacionales que no estimula el gasto de los consumidores<\/strong>. Al mismo tiempo, los pedidos pendientes de realizaci\u00f3n volvieron a disminuir, lo que encaja en este panorama\u00bb, comentan.<\/p>\n<p>No obstante, las empresas de servicios \u00ab<strong>conservan cierto poder de fijaci\u00f3n de precios<\/strong>, ya que la inflaci\u00f3n de los precios de venta ha aumentado frente a enero\u00bb, a\u00f1aden.<\/p>\n<p>En general, creen que <strong>\u00abel panorama no es sombr\u00edo, pero s\u00ed fr\u00e1gil\u00bb<\/strong>, pues \u00abexiste un gran contraste\u00bb entre el desempe\u00f1o del sector servicios de Alemania y el de Francia: \u00abEl sector servicios alem\u00e1n est\u00e1 creciendo a un ritmo moderado, mientras que en Francia la actividad se est\u00e1 reduciendo bruscamente y con mucha m\u00e1s rapidez que durante los meses anteriores. Esto puede ser el resultado de una <strong>crisis pol\u00edtica sin resolver en Francia, mientras que en Alemania las elecciones pueden generar esperanza<\/strong> de que se forme pronto un gobierno estable\u00bb.<\/p>\n<p>Por su parte, <strong>el \u00edndice PMI compuesto de actividad total de la zona euro,<\/strong> ajustado estacionalmente, se mantuvo sin cambios en el nivel 50,2 en febrero. El \u00edndice, que se situ\u00f3 apenas por encima del nivel de ausencia de cambios de 50, se\u00f1al\u00f3 un crecimiento de la econom\u00eda de la zona euro, si bien a un ritmo que fue solo marginal en general y muy por debajo de su promedio a largo plazo (52,4).<\/p>\n<p>En el lado positivo, varios pa\u00edses de la zona euro contribuyeron al crecimiento de febrero. De los pa\u00edses para los que se dispone de datos, cuatro de ellos registraron lecturas expansivas. <strong>El crecimiento estuvo liderado por Espa\u00f1a, donde se registr\u00f3 un aumento fuerte y acelerado de la actividad comercial<\/strong>.<\/p>\n<p>La econom\u00eda irlandesa tambi\u00e9n experiment\u00f3 una expansi\u00f3n m\u00e1s r\u00e1pida y la actividad en Italia creci\u00f3 por primera vez en cuatro meses. En comparaci\u00f3n, <strong>Alemania se qued\u00f3 rezagada<\/strong>, a pesar de que la mayor econom\u00eda de la zona euro registr\u00f3 una expansi\u00f3n por segundo mes consecutivo. Por \u00faltimo, <strong>Francia fue un lastre considerable<\/strong>, ya que la actividad comercial se contrajo por sexto mes consecutivo y lo hizo al ritmo m\u00e1s pronunciado en m\u00e1s de un a\u00f1o.<\/p>\n<p>&#013;<br \/>\nSource: Bolsamania.com<\/p>\n","protected":false},"excerpt":{"rendered":"<p>Noticia relacionada El sector servicios espa\u00f1ol se mantiene como \u00abfuerza impulsora\u00bb de la actividad en febrero \u00abLa buena noticia es&#8230;<\/p>\n","protected":false},"author":1,"featured_media":87780,"comment_status":"open","ping_status":"closed","sticky":false,"template":"","format":"standard","meta":[],"categories":[104],"tags":[99],"_links":{"self":[{"href":"https:\/\/tuavaluo.com\/avaluo\/wp-json\/wp\/v2\/posts\/87779"}],"collection":[{"href":"https:\/\/tuavaluo.com\/avaluo\/wp-json\/wp\/v2\/posts"}],"about":[{"href":"https:\/\/tuavaluo.com\/avaluo\/wp-json\/wp\/v2\/types\/post"}],"author":[{"embeddable":true,"href":"https:\/\/tuavaluo.com\/avaluo\/wp-json\/wp\/v2\/users\/1"}],"replies":[{"embeddable":true,"href":"https:\/\/tuavaluo.com\/avaluo\/wp-json\/wp\/v2\/comments?post=87779"}],"version-history":[{"count":0,"href":"https:\/\/tuavaluo.com\/avaluo\/wp-json\/wp\/v2\/posts\/87779\/revisions"}],"wp:featuredmedia":[{"embeddable":true,"href":"https:\/\/tuavaluo.com\/avaluo\/wp-json\/wp\/v2\/media\/87780"}],"wp:attachment":[{"href":"https:\/\/tuavaluo.com\/avaluo\/wp-json\/wp\/v2\/media?parent=87779"}],"wp:term":[{"taxonomy":"category","embeddable":true,"href":"https:\/\/tuavaluo.com\/avaluo\/wp-json\/wp\/v2\/categories?post=87779"},{"taxonomy":"post_tag","embeddable":true,"href":"https:\/\/tuavaluo.com\/avaluo\/wp-json\/wp\/v2\/tags?post=87779"}],"curies":[{"name":"wp","href":"https:\/\/api.w.org\/{rel}","templated":true}]}}