{"id":88180,"date":"2025-03-13T10:56:03","date_gmt":"2025-03-13T10:56:03","guid":{"rendered":"https:\/\/tuavaluo.com\/avaluo\/2025\/03\/13\/telefonica-incorpora-a-la-compania-a-alvaro-echevarria-y-a-piedad-alvarez-de-arriba\/"},"modified":"2025-03-13T10:56:03","modified_gmt":"2025-03-13T10:56:03","slug":"telefonica-incorpora-a-la-compania-a-alvaro-echevarria-y-a-piedad-alvarez-de-arriba","status":"publish","type":"post","link":"https:\/\/tuavaluo.com\/avaluo\/2025\/03\/13\/telefonica-incorpora-a-la-compania-a-alvaro-echevarria-y-a-piedad-alvarez-de-arriba\/","title":{"rendered":"Telef\u00f3nica incorpora a la compa\u00f1\u00eda a \u00c1lvaro Echevarr\u00eda y a Piedad \u00c1lvarez de Arriba"},"content":{"rendered":"<p><strong> Echevarr\u00eda<\/strong>, que asumir\u00e1 la <strong>responsabilidad de director de la oficina del presidente<\/strong> en las pr\u00f3ximas semanas y se incorporar\u00e1 al Comit\u00e9 Ejecutivo de Telef\u00f3nica, es actualmente subdirector general y director de relaciones institucionales y seguridad corporativa del <strong>Banco Sabadell<\/strong>, compa\u00f1\u00eda en la que ha ocupado distintas posiciones de responsabilidad durante sus m\u00e1s de 22 a\u00f1os de trayectoria.<\/p>\n<p>Respecto a<strong> \u00c1lvarez de Arriba<\/strong> se incorpora a Telef\u00f3nica como<strong> directora global de seguridad<\/strong>, reportando al secretario seneral. Es Comisaria Principal y hasta el momento Jefa de la Unidad Central de Ciberdelincuencia de la Polic\u00eda judicial, y cuenta con una trayectoria profesional de m\u00e1s de 30 a\u00f1os en este \u00f3rgano y es un referente en el mundo de las Fuerzas de Seguridad y la ciberdelincuencia en el \u00e1mbito internacional.<\/p>\n<h3>NUEVA OFICINA DE TRANSFORMACI\u00d3N<\/h3>\n<p>Telef\u00f3nica tambi\u00e9n ha comunicado que impulsar\u00e1 el proceso de transformaci\u00f3n de la compa\u00f1\u00eda con la <strong>creaci\u00f3n de la Oficina de Transformaci\u00f3n que liderar\u00e1 Mar\u00eda Garc\u00eda-Legaz<\/strong>, dando soporte al consejero delegado en proyectos transversales del grupo.<\/p>\n<p>Garc\u00eda-Legaz, que actualmente es directora de la oficina del presidente, \u00abcuenta con un amplio conocimiento de Telef\u00f3nica, donde trabaja desde hace m\u00e1s de 30 a\u00f1os, y ha ocupado puestos de responsabilidad en \u00e1reas financieras, de relaciones con inversores y en el gabinete de presidencia. Desde su nueva posici\u00f3n <strong>apoyar\u00e1 a la compa\u00f1\u00eda en su anunciada reflexi\u00f3n estrat\u00e9gica<\/strong>\u00ab.<\/p>\n<p>Por su parte, <strong>Miguel S\u00e1nchez<\/strong>, hasta ahora director global de seguridad de Telef\u00f3nica, cumplir\u00e1 pr\u00f3ximamente 65 a\u00f1os y <strong>finalizar\u00e1 su etapa profesional en las pr\u00f3ximas semanas<\/strong>.<\/p>\n<p>\u00abTelef\u00f3nica agradece a Miguel S\u00e1nchez su apoyo a Piedad \u00c1lvarez de Arriba durante este periodo de transici\u00f3n y <strong>le felicita por su extraordinaria contribuci\u00f3n al frente de la seguridad de la compa\u00f1\u00eda en los \u00faltimos nueve a\u00f1os<\/strong>, as\u00ed como por su liderazgo en la construcci\u00f3n del equipo de Seguridad Global de Telef\u00f3nica, referente en el mercado\u00bb, ha concluido la &#8216;teleco&#8217;.<\/p>\n<p>&#013;<br \/>\nSource: Bolsamania.com<\/p>\n","protected":false},"excerpt":{"rendered":"<p>Echevarr\u00eda, que asumir\u00e1 la responsabilidad de director de la oficina del presidente en las pr\u00f3ximas semanas y se incorporar\u00e1 al&#8230;<\/p>\n","protected":false},"author":1,"featured_media":0,"comment_status":"open","ping_status":"closed","sticky":false,"template":"","format":"standard","meta":[],"categories":[104],"tags":[99],"_links":{"self":[{"href":"https:\/\/tuavaluo.com\/avaluo\/wp-json\/wp\/v2\/posts\/88180"}],"collection":[{"href":"https:\/\/tuavaluo.com\/avaluo\/wp-json\/wp\/v2\/posts"}],"about":[{"href":"https:\/\/tuavaluo.com\/avaluo\/wp-json\/wp\/v2\/types\/post"}],"author":[{"embeddable":true,"href":"https:\/\/tuavaluo.com\/avaluo\/wp-json\/wp\/v2\/users\/1"}],"replies":[{"embeddable":true,"href":"https:\/\/tuavaluo.com\/avaluo\/wp-json\/wp\/v2\/comments?post=88180"}],"version-history":[{"count":0,"href":"https:\/\/tuavaluo.com\/avaluo\/wp-json\/wp\/v2\/posts\/88180\/revisions"}],"wp:attachment":[{"href":"https:\/\/tuavaluo.com\/avaluo\/wp-json\/wp\/v2\/media?parent=88180"}],"wp:term":[{"taxonomy":"category","embeddable":true,"href":"https:\/\/tuavaluo.com\/avaluo\/wp-json\/wp\/v2\/categories?post=88180"},{"taxonomy":"post_tag","embeddable":true,"href":"https:\/\/tuavaluo.com\/avaluo\/wp-json\/wp\/v2\/tags?post=88180"}],"curies":[{"name":"wp","href":"https:\/\/api.w.org\/{rel}","templated":true}]}}