{"id":89156,"date":"2025-04-03T11:27:17","date_gmt":"2025-04-03T11:27:17","guid":{"rendered":"https:\/\/tuavaluo.com\/avaluo\/2025\/04\/03\/sanchez-anuncia-un-plan-de-14-100-millones-para-proteger-a-espana-de-los-aranceles\/"},"modified":"2025-04-03T11:27:17","modified_gmt":"2025-04-03T11:27:17","slug":"sanchez-anuncia-un-plan-de-14-100-millones-para-proteger-a-espana-de-los-aranceles","status":"publish","type":"post","link":"https:\/\/tuavaluo.com\/avaluo\/2025\/04\/03\/sanchez-anuncia-un-plan-de-14-100-millones-para-proteger-a-espana-de-los-aranceles\/","title":{"rendered":"S\u00e1nchez anuncia un plan de 14.100 millones para proteger a Espa\u00f1a de los aranceles"},"content":{"rendered":"<p>Como ha detallado este jueves durante una comparecencia en el Palacio de la Moncloa, el plan est\u00e1 \u00abdise\u00f1ado para <strong>mitigar los impactos negativos de la guerra comercial<\/strong> iniciada por Trump, y tejer un escudo que proteja a nuestra econom\u00eda\u00bb y se crea con la finalidad de <strong>\u00absuperar este golpe\u00bb<\/strong> y \u00abaprovechar esta guerra comercial para dar a nuestro tejido productivo un nuevo impulso modernizador y de internacionalizaci\u00f3n\u00bb.<\/p>\n<p>Adem\u00e1s, ha insistido en que <strong>las medidas \u00abanticipatorias\u00bb del Gobierno actuar\u00e1n como \u00abun escudo que proteja la econom\u00eda\u00bb<\/strong>.<\/p>\n<p>En concreto, las medidas se articulan en <strong>dos pilares<\/strong>. Uno, el de ayudar y proteger a las empresas y al empleo que podr\u00eda verse afectados por los nuevos aranceles. Y otro, el de reorientar la capacidad productiva y relanzarla en el nuevo contexto global. As\u00ed, los 14.100 millones de euros de dividen en dos partes: una con la que se movilizar\u00e1n <strong>7.400 millones de euros<\/strong> de nueva financiaci\u00f3n y tras con <strong>6.700 millones de euros<\/strong> en instrumentos financieros ya existentes.<\/p>\n<p>Dentro del primer pilar, habr\u00e1 dos l\u00edneas de avales y financiaci\u00f3n intermediada del ICO dotadas con <strong>6.000 millones de euros<\/strong>, un Fondo de Apoyo a la Inversi\u00f3n Industrial Productiva, con <strong>200 millones de euros<\/strong>, y nuevo plan MOVES con <strong>400 millones de euros<\/strong>.<\/p>\n<p>Mientras, el segundo pilar contar\u00e1 con <strong>5.000 millones de euros<\/strong> para que industrias y empresas afectadas puedan reorientarse hacia nuevos sectores con alta demanda, otros <strong>500 millones de euros<\/strong> para promover la internacionalizaci\u00f3n de pymes y<strong> 2.000 millones de euros<\/strong> en seguros de cr\u00e9dito y coberturas de riesgo a la exportaci\u00f3n.<\/p>\n<p>\u00abLa administraci\u00f3n estadounidense ha decido atacar de forma unilateral este v\u00ednculo desplegando un paquete de aranceles sin precedentes\u00bb. \u00abNo puedo, ni pretendo, no est\u00e1 en mi \u00e1nimo, maquillar la situaci\u00f3n de las cosas, es dif\u00edcil. Es una p\u00e9sima noticia para el mundo\u00bb, ha destacado el presidente del Gobierno, quien <strong>ha pedido a Trump \u00abrecapacitar\u00bb y \u00absentarse a negociar\u00bb<\/strong>.<\/p>\n<p>Ha querido remarcar que \u00abno es cierto que la Uni\u00f3n Europea aplique aranceles del 39% a EEUU\u00bb, puesto que \u00absolo aplica aranceles del entorno al 3%, dependiendo de los casos\u00bb. Por ello, los aranceles <strong>\u00abno son rec\u00edprocos\u00bb<\/strong> sino que son \u00abuna excusa para castigar pa\u00edses y aplicar un proteccionismo est\u00e9ril\u00bb. En su opini\u00f3n, <strong>\u00abvolver al proteccionismo del siglo XIX\u00bb<\/strong> no supone \u00abuna manera inteligente de encarar los desaf\u00edos del siglo XXI en un mundo totalmente interconectado\u00bb.<\/p>\n<p>Tambi\u00e9n ha <strong>solicitado a la Comisi\u00f3n Europea que \u00abadopte medidas de urgencia\u00bb<\/strong> para que \u00absi la tormenta se acaba desatando\u00bb Espa\u00f1a cuente \u00abcon un doble paraguas: el paraguas europeo y el paraguas espa\u00f1ol\u00bb. Eso s\u00ed, ha remarcado que \u00abel Gobierno de Espa\u00f1a no va a esperar a ver qu\u00e9 ocurre es los pr\u00f3ximos d\u00edas\u00bb.<\/p>\n<p>Adem\u00e1s, \u00abpara articular todas estas medidas y garantizar su buena ejecuci\u00f3n\u00bb, el Gobierno crear\u00e1 una<strong> Comisi\u00f3n Interministerial<\/strong> para la Respuesta y el Relanzamiento Comercial. S\u00e1nchez ha recodado que tambi\u00e9n se ha constituido la Mesa de Di\u00e1logo Social con patronal y sindicatos, a la vez que se va a convocar la Conferencia Sectorial de Comercio, liderada por el ministro de Econom\u00eda, Carlos Cuerpo.<\/p>\n<\/p>\n<p>&#013;<br \/>\nSource: Bolsamania.com<\/p>\n","protected":false},"excerpt":{"rendered":"<p>Como ha detallado este jueves durante una comparecencia en el Palacio de la Moncloa, el plan est\u00e1 \u00abdise\u00f1ado para mitigar&#8230;<\/p>\n","protected":false},"author":1,"featured_media":0,"comment_status":"open","ping_status":"closed","sticky":false,"template":"","format":"standard","meta":[],"categories":[104],"tags":[99],"_links":{"self":[{"href":"https:\/\/tuavaluo.com\/avaluo\/wp-json\/wp\/v2\/posts\/89156"}],"collection":[{"href":"https:\/\/tuavaluo.com\/avaluo\/wp-json\/wp\/v2\/posts"}],"about":[{"href":"https:\/\/tuavaluo.com\/avaluo\/wp-json\/wp\/v2\/types\/post"}],"author":[{"embeddable":true,"href":"https:\/\/tuavaluo.com\/avaluo\/wp-json\/wp\/v2\/users\/1"}],"replies":[{"embeddable":true,"href":"https:\/\/tuavaluo.com\/avaluo\/wp-json\/wp\/v2\/comments?post=89156"}],"version-history":[{"count":0,"href":"https:\/\/tuavaluo.com\/avaluo\/wp-json\/wp\/v2\/posts\/89156\/revisions"}],"wp:attachment":[{"href":"https:\/\/tuavaluo.com\/avaluo\/wp-json\/wp\/v2\/media?parent=89156"}],"wp:term":[{"taxonomy":"category","embeddable":true,"href":"https:\/\/tuavaluo.com\/avaluo\/wp-json\/wp\/v2\/categories?post=89156"},{"taxonomy":"post_tag","embeddable":true,"href":"https:\/\/tuavaluo.com\/avaluo\/wp-json\/wp\/v2\/tags?post=89156"}],"curies":[{"name":"wp","href":"https:\/\/api.w.org\/{rel}","templated":true}]}}