{"id":89404,"date":"2025-04-09T06:27:18","date_gmt":"2025-04-09T06:27:18","guid":{"rendered":"https:\/\/tuavaluo.com\/avaluo\/2025\/04\/09\/endesa-inicia-el-segundo-tramo-de-su-programa-de-recompra-por-un-importe-de-500-millones\/"},"modified":"2025-04-09T06:27:18","modified_gmt":"2025-04-09T06:27:18","slug":"endesa-inicia-el-segundo-tramo-de-su-programa-de-recompra-por-un-importe-de-500-millones","status":"publish","type":"post","link":"https:\/\/tuavaluo.com\/avaluo\/2025\/04\/09\/endesa-inicia-el-segundo-tramo-de-su-programa-de-recompra-por-un-importe-de-500-millones\/","title":{"rendered":"Endesa inicia el segundo tramo de su programa de recompra por un importe de 500 millones"},"content":{"rendered":"<p>El segundo tramo del programa <strong>comienza este mi\u00e9rcoles, 9 de abril, y finalizar\u00e1 no m\u00e1s tarde del 31 de diciembre de 2025<\/strong>, tiene <strong>un importe monetario m\u00e1ximo de 500 millones de euros<\/strong>. En cuanto al n\u00famero de acciones, se contempla la adquisici\u00f3n de <strong>un m\u00e1ximo de 104.558.375 acciones de Endesa<\/strong>.<\/p>\n<p>Las compras se realizar\u00e1n en el Sistema de Interconexi\u00f3n Burs\u00e1til Espa\u00f1ol \u2013 Mercado Continuo, as\u00ed como a trav\u00e9s de sistemas de negociaci\u00f3n multilateral (MTFs). Las operaciones se llevar\u00e1n a cabo de acuerdo con las condiciones de precio y volumen establecidas en el art\u00edculo 3 del Reglamento Delegado (UE) n\u00ba 2016\/1052, lo que incluye que <strong>no se comprar\u00e1n m\u00e1s del 25% del volumen diario medio de negociaci\u00f3n de las acciones de Endesa en cada centro de negociaci\u00f3n<\/strong>. Este volumen diario medio corresponde a los 20 d\u00edas h\u00e1biles anteriores a la fecha de cada compra.<\/p>\n<p>El gestor externo del programa ser\u00e1 una entidad financiera que tomar\u00e1 de manera independiente las decisiones sobre el momento de realizar las compras.<\/p>\n<p>En este contexto, Enel, el accionista mayoritario de Endesa con un 70,10% del capital social,<strong> ha reiterado su compromiso de no participar en el Programa Marco<\/strong> y, en consecuencia, no vender\u00e1 acciones de Endesa en el mercado durante los per\u00edodos en los que se ejecute cualquier tramo del programa, incluido este segundo tramo.<\/p>\n<\/p>\n<p>&#013;<br \/>\nSource: Bolsamania.com<\/p>\n","protected":false},"excerpt":{"rendered":"<p>El segundo tramo del programa comienza este mi\u00e9rcoles, 9 de abril, y finalizar\u00e1 no m\u00e1s tarde del 31 de diciembre&#8230;<\/p>\n","protected":false},"author":1,"featured_media":0,"comment_status":"open","ping_status":"closed","sticky":false,"template":"","format":"standard","meta":[],"categories":[104],"tags":[99],"_links":{"self":[{"href":"https:\/\/tuavaluo.com\/avaluo\/wp-json\/wp\/v2\/posts\/89404"}],"collection":[{"href":"https:\/\/tuavaluo.com\/avaluo\/wp-json\/wp\/v2\/posts"}],"about":[{"href":"https:\/\/tuavaluo.com\/avaluo\/wp-json\/wp\/v2\/types\/post"}],"author":[{"embeddable":true,"href":"https:\/\/tuavaluo.com\/avaluo\/wp-json\/wp\/v2\/users\/1"}],"replies":[{"embeddable":true,"href":"https:\/\/tuavaluo.com\/avaluo\/wp-json\/wp\/v2\/comments?post=89404"}],"version-history":[{"count":0,"href":"https:\/\/tuavaluo.com\/avaluo\/wp-json\/wp\/v2\/posts\/89404\/revisions"}],"wp:attachment":[{"href":"https:\/\/tuavaluo.com\/avaluo\/wp-json\/wp\/v2\/media?parent=89404"}],"wp:term":[{"taxonomy":"category","embeddable":true,"href":"https:\/\/tuavaluo.com\/avaluo\/wp-json\/wp\/v2\/categories?post=89404"},{"taxonomy":"post_tag","embeddable":true,"href":"https:\/\/tuavaluo.com\/avaluo\/wp-json\/wp\/v2\/tags?post=89404"}],"curies":[{"name":"wp","href":"https:\/\/api.w.org\/{rel}","templated":true}]}}