{"id":89772,"date":"2025-04-16T15:06:09","date_gmt":"2025-04-16T15:06:09","guid":{"rendered":"https:\/\/tuavaluo.com\/avaluo\/2025\/04\/16\/europa-contraataca-el-despertar-de-una-potencia-dormida\/"},"modified":"2025-04-16T15:06:09","modified_gmt":"2025-04-16T15:06:09","slug":"europa-contraataca-el-despertar-de-una-potencia-dormida","status":"publish","type":"post","link":"https:\/\/tuavaluo.com\/avaluo\/2025\/04\/16\/europa-contraataca-el-despertar-de-una-potencia-dormida\/","title":{"rendered":"\u00a1Europa contraataca! &quot;El despertar de una potencia dormida&quot;"},"content":{"rendered":"<p>La nueva oleada proteccionista liderada por el presidente Donald Trump, cuya agresiva pol\u00edtica arancelaria ha sacudido los cimientos del comercio internacional, ha provocado una <strong>reacci\u00f3n en cadena<\/strong>. Mientras Wall Street enfrenta ca\u00eddas hist\u00f3ricas, <strong>los inversores globales est\u00e1n volviendo la mirada hacia Europa<\/strong>. En el primer trimestre de 2025, el mercado burs\u00e1til del Viejo Continente <strong>super\u00f3 al estadounidense por el mayor margen en 25 a\u00f1os<\/strong>, algo que ni los analistas m\u00e1s optimistas habr\u00edan anticipado.<\/p>\n<p>El jefe de inversiones de DWS, Vincenzo Vedda, lo resume sin rodeos: <strong>\u201cEuropa necesita encontrarse a s\u00ed misma, y parece que los vientos externos la est\u00e1n empujando en esa direcci\u00f3n\u201d. \u00abSe est\u00e1 viendo el despertar de una potencia dormida\u00bb<\/strong>, a\u00f1ade.<\/p>\n<h4>UNA RESPUESTA FISCAL IN\u00c9DITA: EL NUEVO PAQUETE MILLONARIO DE ALEMANIA<\/h4>\n<p>Uno de los momentos decisivos de este resurgimiento europeo vino de la mano de Alemania. El pa\u00eds que durante a\u00f1os fue sin\u00f3nimo de austeridad rompi\u00f3 con d\u00e9cadas de rigidez fiscal al aprobar un <strong>paquete econ\u00f3mico hist\u00f3rico<\/strong>. Bajo el liderazgo del canciller Friedrich Merz,<strong> se reform\u00f3 el freno a la deuda y se liberaron m\u00e1s de 500.000 millones de euros para infraestructura, defensa y transici\u00f3n ecol\u00f3gica<\/strong>.<\/p>\n<p>Este movimiento, impensado a\u00f1os atr\u00e1s, marca una <strong>verdadera ruptura<\/strong>. La reforma permitir\u00e1 a los estados federales alemanes asumir deuda hasta un 0,35% del PIB y establecer\u00e1 fondos especiales destinados a objetivos estrat\u00e9gicos como la neutralidad clim\u00e1tica para 2045 y el fortalecimiento de la Bundeswehr, las fuerzas armadas alemanas. <strong>Se espera que el gasto p\u00fablico aumente en hasta 200.000 millones de euros al a\u00f1o<\/strong>, lo que podr\u00eda a\u00f1adir m\u00e1s de un punto porcentual al crecimiento del PIB para 2027.<\/p>\n<p>Seg\u00fan Martin Moryson, jefe de investigaci\u00f3n macroecon\u00f3mica en DWS, \u201caunque el efecto total del paquete tardar\u00e1 en sentirse, <strong>ya se perciben los primeros signos de confianza renovada entre los inversores internacionales<\/strong>.\u201d<\/p>\n<h4>TRUMP, TARIFAS Y TRASTORNOS: \u00bfQUI\u00c9N GANA EN LA GUERRA COMERCIAL?<\/h4>\n<p>El retorno de Donald Trump al escenario global no ha tra\u00eddo calma. Todo lo contrario. Su llamado Departamento de Eficiencia Gubernamental liderado por Elon Musk ha anunciado <strong>medidas draconianas<\/strong>, incluyendo aranceles masivos que sacudieron los mercados el 2 de abril de 2025. Aunque algunos de estos fueron suspendidos temporalmente, el da\u00f1o ya estaba hecho:<strong> la confianza se quebr\u00f3, los mercados cayeron y el comercio global entr\u00f3 en un nuevo ciclo de incertidumbre<\/strong>.<\/p>\n<p>Para muchos analistas, esta ofensiva podr\u00eda volverse en contra del propio Estados Unidos. <strong>La sobrevaloraci\u00f3n del mercado norteamericano, especialmente su sector tecnol\u00f3gico, comenz\u00f3 a resquebrajarse<\/strong>. Empresas como DeepSeek en China est\u00e1n comenzando a rivalizar con gigantes estadounidenses en inteligencia artificial, <strong>marcando el fin del monopolio tecnol\u00f3gico estadounidense.<\/strong><\/p>\n<p>En palabras de Philipp Schweneke, codirector de renta variable europea de DWS, \u00ab<strong>los mercados ya no creen en el \u2018Trump Put\u2019<\/strong>. El mito de que el presidente no implementar\u00eda medidas econ\u00f3micas extremas si las acciones ca\u00edan ha quedado enterrado.\u201d<\/p>\n<h4>EUROPA, \u00bfNUEVA CAPITAL GLOBAL DE LAS INVERSIONES?<\/h4>\n<p>Europa no s\u00f3lo se est\u00e1 beneficiando por descarte.<strong> Hay razones estructurales de fondo que justifican este renovado inter\u00e9s<\/strong>:<\/p>\n<p><strong>Valoraciones atractivas<\/strong>: El descuento de las acciones europeas frente a las estadounidenses rondaba el 40% antes del repunte reciente, un nivel dif\u00edcil de justificar desde un punto de vista fundamental.<\/p>\n<p><strong>Mejores datos econ\u00f3micos<\/strong>: Desde mediados de 2024, los indicadores de la Eurozona han superado constantemente las expectativas, mientras que en EEUU han comenzado a decepcionar.<\/p>\n<p><strong>Cambio de flujo de capitales<\/strong>: Con m\u00e1s de 16 billones de d\u00f3lares de inversiones extranjeras en activos estadounidenses, incluso una peque\u00f1a reversi\u00f3n de estos flujos podr\u00eda tener un impacto significativo en favor de Europa.<\/p>\n<p>Adem\u00e1s, e<strong>l paquete europeo de rearme<\/strong>, aunque m\u00e1s modesto que el alem\u00e1n, ha sido bien recibido en los mercados. La Comisi\u00f3n Europea ha propuesto un plan de 150.000 millones de euros para fomentar la innovaci\u00f3n y modernizaci\u00f3n en defensa, <strong>un sector que hasta hace poco parec\u00eda tab\u00fa en el continente.<\/strong><\/p>\n<p>No obstante, el panorama a\u00fan es complejo. Las <strong>peque\u00f1as y medianas empresas<\/strong> (&#8216;small caps&#8217;) europeas, que suelen tener mayor exposici\u00f3n dom\u00e9stica y sensibilidad c\u00edclica, se han visto <strong>golpeadas por la incertidumbre econ\u00f3mica<\/strong>. Aunque presentan potencial de revalorizaci\u00f3n, especialmente en Alemania, <strong>el contexto requiere una selecci\u00f3n minuciosa a nivel individual.<\/strong><\/p>\n<h4>\u00bfRESTRUCTURACI\u00d3N O ILUSI\u00d3N TEMPORAL?<\/h4>\n<p>La gran pregunta es si este \u00abrenacer europeo\u00bb representa una transformaci\u00f3n estructural o simplemente un episodio pasajero. La historia reciente muestra que <strong>Europa ha tenido arranques prometedores que luego se diluyen en burocracia y falta de consenso.<\/strong><\/p>\n<p>El paquete alem\u00e1n, por ejemplo, no est\u00e1 exento de controversia interna. La aparente contradicci\u00f3n entre el discurso fiscal del canciller Merz antes y despu\u00e9s de las elecciones ha generado tensiones dentro del partido CDU. Seg\u00fan encuestas recientes, el partido de ultraderecha AfD ha alcanzado una aprobaci\u00f3n del 24%, igualando al partido conservador, lo que evidencia una <strong>ciudadan\u00eda polarizada.<\/strong><\/p>\n<p>Adem\u00e1s, para sostener el impulso, <strong>se necesitan reformas estructurales profundas<\/strong>. Europa debe abordar temas como:<\/p>\n<p><strong>&#8211; El envejecimiento demogr\u00e1fico.<\/strong><\/p>\n<p><strong>&#8211; La baja productividad en sectores clave.<\/strong><\/p>\n<p><strong>&#8211; La falta de inversi\u00f3n en educaci\u00f3n y digitalizaci\u00f3n.<\/strong><\/p>\n<p>Como concluye Martin Moryson, \u201c<strong>sin cambios estructurales, el nuevo margen fiscal podr\u00eda ser solo una llamarada breve<\/strong> o, peor, un catalizador de inflaci\u00f3n.\u201d<\/p>\n<h4>CONCLUSI\u00d3N: EUROPA, EN EL MOMENTO Y LUGAR ADECUADOS<\/h4>\n<p>El a\u00f1o 2025 podr\u00eda ser recordado como el <strong>punto de inflexi\u00f3n para los mercados europeos<\/strong>. Las condiciones est\u00e1n dadas: un entorno pol\u00edtico global turbulento, un paquete fiscal sin precedentes, valoraciones atractivas y una renovada mirada de los inversores.<\/p>\n<p>Sin embargo, <strong>el verdadero reto es convertir esta oportunidad en un camino sostenible de crecimiento y competitividad<\/strong>. Europa ha sido forzada a reaccionar, pero ahora tiene la posibilidad \u00fanica de liderar. Si logra consolidar sus reformas y mantener el impulso, <strong>el continente puede recuperar un protagonismo que muchos daban por perdido<\/strong>.<\/p>\n<p>Por ahora, el mensaje de los mercados es claro: Europa ya no es la rezagada del mundo desarrollado. <strong>Hoy, es su turno de brillar.<\/strong><\/p>\n<p>&#013;<br \/>\nSource: Bolsamania.com<\/p>\n","protected":false},"excerpt":{"rendered":"<p>La nueva oleada proteccionista liderada por el presidente Donald Trump, cuya agresiva pol\u00edtica arancelaria ha sacudido los cimientos del comercio&#8230;<\/p>\n","protected":false},"author":1,"featured_media":0,"comment_status":"open","ping_status":"closed","sticky":false,"template":"","format":"standard","meta":[],"categories":[104],"tags":[99],"_links":{"self":[{"href":"https:\/\/tuavaluo.com\/avaluo\/wp-json\/wp\/v2\/posts\/89772"}],"collection":[{"href":"https:\/\/tuavaluo.com\/avaluo\/wp-json\/wp\/v2\/posts"}],"about":[{"href":"https:\/\/tuavaluo.com\/avaluo\/wp-json\/wp\/v2\/types\/post"}],"author":[{"embeddable":true,"href":"https:\/\/tuavaluo.com\/avaluo\/wp-json\/wp\/v2\/users\/1"}],"replies":[{"embeddable":true,"href":"https:\/\/tuavaluo.com\/avaluo\/wp-json\/wp\/v2\/comments?post=89772"}],"version-history":[{"count":0,"href":"https:\/\/tuavaluo.com\/avaluo\/wp-json\/wp\/v2\/posts\/89772\/revisions"}],"wp:attachment":[{"href":"https:\/\/tuavaluo.com\/avaluo\/wp-json\/wp\/v2\/media?parent=89772"}],"wp:term":[{"taxonomy":"category","embeddable":true,"href":"https:\/\/tuavaluo.com\/avaluo\/wp-json\/wp\/v2\/categories?post=89772"},{"taxonomy":"post_tag","embeddable":true,"href":"https:\/\/tuavaluo.com\/avaluo\/wp-json\/wp\/v2\/tags?post=89772"}],"curies":[{"name":"wp","href":"https:\/\/api.w.org\/{rel}","templated":true}]}}