{"id":89970,"date":"2025-04-23T09:28:34","date_gmt":"2025-04-23T09:28:34","guid":{"rendered":"https:\/\/tuavaluo.com\/avaluo\/2025\/04\/23\/intel-anunciara-esta-semana-planes-para-recortar-mas-del-20-de-su-plantilla\/"},"modified":"2025-04-23T09:28:34","modified_gmt":"2025-04-23T09:28:34","slug":"intel-anunciara-esta-semana-planes-para-recortar-mas-del-20-de-su-plantilla","status":"publish","type":"post","link":"https:\/\/tuavaluo.com\/avaluo\/2025\/04\/23\/intel-anunciara-esta-semana-planes-para-recortar-mas-del-20-de-su-plantilla\/","title":{"rendered":"Intel anunciar\u00e1 esta semana planes para recortar m\u00e1s del 20% de su plantilla"},"content":{"rendered":"<p>El recorte marcar\u00eda <strong>la primera gran reestructuraci\u00f3n bajo la direcci\u00f3n de Lip-Bu Tan<\/strong>, el veterano del sector de semiconductores que asumi\u00f3 el cargo de CEO de Intel el pasado mes de marzo. Seg\u00fan la fuente, que pidi\u00f3 anonimato al tratarse de planes a\u00fan no p\u00fablicos, el objetivo es simplificar la estructura directiva y <strong>reenfocar a la empresa en su n\u00facleo tecnol\u00f3gico.<\/strong><\/p>\n<p>Esta nueva ronda de despidos sigue a <strong>otra anunciada en agosto del a\u00f1o pasado<\/strong>, en la que <strong>se eliminaron unos 15.000 puestos de trabajo<\/strong>. A finales de 2024, Intel contaba con 108.900 empleados, frente a los 124.800 que ten\u00eda un a\u00f1o antes.<\/p>\n<p>Tras conocerse la noticia, las acciones de Intel suben un 3% en las operaciones previas a la apertura de Wall Street este mi\u00e9rcoles. No obstante, <strong>los t\u00edtulos acumulan una ca\u00edda cercana al 43% en los \u00faltimos 12 meses<\/strong>, y cerraron el martes en 19,51 d\u00f3lares.<\/p>\n<p>Tan enfrenta el reto de revertir el declive de la hist\u00f3rica compa\u00f1\u00eda de chips, que <strong>ha perdido terreno frente a competidores como Nvidia<\/strong>, especialmente en el \u00e1mbito de la inteligencia artificial. Intel ha encadenado<strong> tres a\u00f1os consecutivos de ca\u00eddas en ventas y resultados negativos.<\/strong><\/p>\n<p>Entre sus planes, Tan ha prometido vender activos no estrat\u00e9gicos y desarrollar productos m\u00e1s competitivos. La semana pasada, Intel <strong><a href=\"https:\/\/www.bolsamania.com\/noticias\/empresas\/intel-sube-bolsa-vender-51-negocio-altera-silver-lake--19356227.html\" rel=\"noopener noreferrer\" target=\"_blank\" rel=\"nofollow\" >acord\u00f3 vender el 51% de su unidad de chips programables Altera al fondo Silver Lake Management<\/a><\/strong>, como parte de esa estrategia.<\/p>\n<p>Intel presentar\u00e1 sus resultados del primer trimestre este jueves.<\/p>\n<p>&#013;<br \/>\nSource: Bolsamania.com<\/p>\n","protected":false},"excerpt":{"rendered":"<p>El recorte marcar\u00eda la primera gran reestructuraci\u00f3n bajo la direcci\u00f3n de Lip-Bu Tan, el veterano del sector de semiconductores que&#8230;<\/p>\n","protected":false},"author":1,"featured_media":0,"comment_status":"open","ping_status":"closed","sticky":false,"template":"","format":"standard","meta":[],"categories":[104],"tags":[99],"_links":{"self":[{"href":"https:\/\/tuavaluo.com\/avaluo\/wp-json\/wp\/v2\/posts\/89970"}],"collection":[{"href":"https:\/\/tuavaluo.com\/avaluo\/wp-json\/wp\/v2\/posts"}],"about":[{"href":"https:\/\/tuavaluo.com\/avaluo\/wp-json\/wp\/v2\/types\/post"}],"author":[{"embeddable":true,"href":"https:\/\/tuavaluo.com\/avaluo\/wp-json\/wp\/v2\/users\/1"}],"replies":[{"embeddable":true,"href":"https:\/\/tuavaluo.com\/avaluo\/wp-json\/wp\/v2\/comments?post=89970"}],"version-history":[{"count":0,"href":"https:\/\/tuavaluo.com\/avaluo\/wp-json\/wp\/v2\/posts\/89970\/revisions"}],"wp:attachment":[{"href":"https:\/\/tuavaluo.com\/avaluo\/wp-json\/wp\/v2\/media?parent=89970"}],"wp:term":[{"taxonomy":"category","embeddable":true,"href":"https:\/\/tuavaluo.com\/avaluo\/wp-json\/wp\/v2\/categories?post=89970"},{"taxonomy":"post_tag","embeddable":true,"href":"https:\/\/tuavaluo.com\/avaluo\/wp-json\/wp\/v2\/tags?post=89970"}],"curies":[{"name":"wp","href":"https:\/\/api.w.org\/{rel}","templated":true}]}}