{"id":90187,"date":"2025-04-28T08:07:33","date_gmt":"2025-04-28T08:07:33","guid":{"rendered":"https:\/\/tuavaluo.com\/avaluo\/2025\/04\/28\/el-comercio-minorista-sube-sus-ventas-un-37-en-marzo-y-suma-nueve-meses-al-alza\/"},"modified":"2025-04-28T08:07:33","modified_gmt":"2025-04-28T08:07:33","slug":"el-comercio-minorista-sube-sus-ventas-un-37-en-marzo-y-suma-nueve-meses-al-alza","status":"publish","type":"post","link":"https:\/\/tuavaluo.com\/avaluo\/2025\/04\/28\/el-comercio-minorista-sube-sus-ventas-un-37-en-marzo-y-suma-nueve-meses-al-alza\/","title":{"rendered":"El comercio minorista sube sus ventas un 3,7% en marzo y suma nueve meses al alza"},"content":{"rendered":"<p>Corregido de efectos estacionales y de calendario, el volumen del comercio minorista present\u00f3 en marzo una variaci\u00f3n del 3,6% respecto al mismo mes del a\u00f1o anterior. Esta tasa fue la misma que la registrada en febrero, acumul\u00e1ndose de esta manera 28 meses con variaciones positivas.<\/p>\n<p>Por CCAA, las ventas minoristas subieron en tasa anual en 15 y bajaron en una.<\/p>\n<p>En cuanto al empleo, <strong>la ocupaci\u00f3n en el sector del comercio minorista creci\u00f3 en marzo un 1%<\/strong> respecto al mismo mes de 2024. Esta tasa se situ\u00f3 tres d\u00e9cimas por debajo de la registrada en febrero. Encadena 43 meses con tasas positivas.<\/p>\n<p>Por otro lado, en tasa intermensual, las ventas en el comercio minorista <strong>bajaron un 0,2%<\/strong> entre marzo y febrero. Esta tasa fue 1,5 puntos inferior a la del mes anterior.<\/p>\n<p>Por modos de distribuci\u00f3n, Comercio electr\u00f3nico fue el que m\u00e1s aument\u00f3 (2,2%). Mientras, el \u00edndice general sin estaciones de servicio registr\u00f3 una tasa mensual del 0,2%. Por productos, Alimentaci\u00f3n aument\u00f3 un 0,5%, mientras que Resto baj\u00f3 un 0,7%.<\/p>\n<p>En el acumulado del primer trimestre, el comercio minorista ha aumentado un 2,3% de media respecto al mismo periodo de 2024.<\/p>\n<p>&#013;<br \/>\nSource: Bolsamania.com<\/p>\n","protected":false},"excerpt":{"rendered":"<p>Corregido de efectos estacionales y de calendario, el volumen del comercio minorista present\u00f3 en marzo una variaci\u00f3n del 3,6% respecto&#8230;<\/p>\n","protected":false},"author":1,"featured_media":0,"comment_status":"open","ping_status":"closed","sticky":false,"template":"","format":"standard","meta":[],"categories":[104],"tags":[99],"_links":{"self":[{"href":"https:\/\/tuavaluo.com\/avaluo\/wp-json\/wp\/v2\/posts\/90187"}],"collection":[{"href":"https:\/\/tuavaluo.com\/avaluo\/wp-json\/wp\/v2\/posts"}],"about":[{"href":"https:\/\/tuavaluo.com\/avaluo\/wp-json\/wp\/v2\/types\/post"}],"author":[{"embeddable":true,"href":"https:\/\/tuavaluo.com\/avaluo\/wp-json\/wp\/v2\/users\/1"}],"replies":[{"embeddable":true,"href":"https:\/\/tuavaluo.com\/avaluo\/wp-json\/wp\/v2\/comments?post=90187"}],"version-history":[{"count":0,"href":"https:\/\/tuavaluo.com\/avaluo\/wp-json\/wp\/v2\/posts\/90187\/revisions"}],"wp:attachment":[{"href":"https:\/\/tuavaluo.com\/avaluo\/wp-json\/wp\/v2\/media?parent=90187"}],"wp:term":[{"taxonomy":"category","embeddable":true,"href":"https:\/\/tuavaluo.com\/avaluo\/wp-json\/wp\/v2\/categories?post=90187"},{"taxonomy":"post_tag","embeddable":true,"href":"https:\/\/tuavaluo.com\/avaluo\/wp-json\/wp\/v2\/tags?post=90187"}],"curies":[{"name":"wp","href":"https:\/\/api.w.org\/{rel}","templated":true}]}}