{"id":90225,"date":"2025-04-29T05:51:18","date_gmt":"2025-04-29T05:51:18","guid":{"rendered":"https:\/\/tuavaluo.com\/avaluo\/2025\/04\/29\/renfe-reanuda-parcialmente-los-servicios-de-cercanias-alta-velocidad-y-larga-distancia\/"},"modified":"2025-04-29T05:51:18","modified_gmt":"2025-04-29T05:51:18","slug":"renfe-reanuda-parcialmente-los-servicios-de-cercanias-alta-velocidad-y-larga-distancia","status":"publish","type":"post","link":"https:\/\/tuavaluo.com\/avaluo\/2025\/04\/29\/renfe-reanuda-parcialmente-los-servicios-de-cercanias-alta-velocidad-y-larga-distancia\/","title":{"rendered":"Renfe reanuda parcialmente los servicios de Cercan\u00edas, Alta Velocidad y Larga Distancia"},"content":{"rendered":"<p>Renfe ha comunicado que el servicio de Cercan\u00edas<\/p>\n<p>L\u00edneas que reanudar\u00e1n sus circulaciones el martes 29 de abril de 2025 desde el inicio del servicio.<\/p>\n<p>N\u00facleos de Cercan\u00edas de Asturias.<\/p>\n<p>N\u00facleo de Cercan\u00edas de Cantabria.<\/p>\n<p>L\u00edneas que recuperar\u00e1n las circulaciones con servicios reducidos.<\/p>\n<p>Rodalies: servicio previsto al 60%, con especial afecci\u00f3n en la l\u00ednea R3 entre Vic y Puigcerd\u00e1.<\/p>\n<p>Cercan\u00edas Madrid: servicio previsto al 50% en todas las l\u00edneas y en la C5 recuperado entre Humanes y Atocha y los tramos entre Pinto y Aranjuez y Guadalajara-Alcal\u00e1 de Henares, que no circular\u00e1n desde el inicio.<\/p>\n<p>Cercan\u00edas Valencia: servicio previsto al 100% en l\u00edneas C2 desde Valencia a X\u00e0tiva y C6, sin tensi\u00f3n en la C1 en el tramo entre Silla y Gand\u00eda.<\/p>\n<p>Servicios suprimidos hasta nuevo aviso.<\/p>\n<p>Cercan\u00edas de Alicante no circula al inicio.<\/p>\n<p>Cercan\u00edas Zaragoza no circula al inicio.<\/p>\n<p>Cercan\u00edas de C\u00e1diz, Sevilla y M\u00e1laga sin servicio al inicio por falta de tensi\u00f3n.<\/p>\n<p>Cercan\u00edas Bilbao sin servicio al inicio por falta de tensi\u00f3n.<\/p>\n<p>Cercan\u00edas de San Sebasti\u00e1n sin servicio al inicio.<\/p>\n<p>Andaluc\u00eda suprimido Avant y Media Distancia.<\/p>\n<p>Extremadura suspendido en Media Distancia y Alvia.<\/p>\n<p>Suprimidos los servicios de altas prestaciones Ourense-Santiago de Compostela-Coru\u00f1a y Vigo-Santiago de Compostela-Coru\u00f1a.<\/p>\n<p>Suprimido el primer servicio Avant desde Toledo.<\/p>\n<p>Suspendidas todas las conexiones con Medina del Campo y con Salamanca.<\/p>\n<p>Ancho M\u00e9trico no circula entre Ferrol &#8211; Ortigueira y Le\u00f3n \u2013 Guardo.<\/p>\n<h3>ALTA VELOCIDAD Y LARGA DISTANCIA<\/h3>\n<p>L\u00edneas de alta velocidad y larga distancia que reanudar\u00e1n sus circulaciones el martes 29 de abril de 2025 desde el inicio del servicio.<\/p>\n<p>Madrid-Barcelona.<\/p>\n<p>Madrid-Valencia\/Murcia\/Alicante.<\/p>\n<p>Madrid-Pa\u00eds Vasco.<\/p>\n<p>Madrid-Algeciras.<\/p>\n<p>M\u00e1laga-Granada<\/p>\n<p>Madrid-Asturias<\/p>\n<p>Madrid-Santander<\/p>\n<p>L\u00edneas que recuperar\u00e1n las circulaciones con alteraciones o servicios reducidos.<\/p>\n<p>Madrid-Pamplona: se inicia el servicio con demoras.<\/p>\n<p><strong>Recuperado el trayecto \u00edntegro Madrid-Sevilla<\/strong><\/p>\n<p>Servicios suprimidos hasta nuevo aviso.<\/p>\n<p>Madrid-Huelva.<\/p>\n<p>Madrid-Badajoz.<\/p>\n<p>Madrid-C\u00e1diz.<\/p>\n<p>Madrid-Galicia.<\/p>\n<p>Madrid-Salamanca.<\/p>\n<p>Madrid-Logro\u00f1o.<\/p>\n<p>Barcelona-Alicante (Euromed).<\/p>\n<p>Pa\u00eds Vasco-Barcelona.<\/p>\n<p>Los servicios se ir\u00e1n restableciendo paulatinamente a lo largo de la jornada en funci\u00f3n de la recuperaci\u00f3n del suministro en las l\u00edneas y tramos afectados.<\/p>\n<p>Los viajeros afectados por la falta de suministro el\u00e9ctrico podr\u00e1n solicitar la devoluci\u00f3n y cambio sin coste en los canales de venta de Renfe.<\/p>\n<p>Aquellos que quieran realizar el viaje pueden presentarse en las estaciones y ser\u00e1n ubicados en las plazas disponibles.<\/p>\n<p>Renfe actualizar\u00e1 la informaci\u00f3n en sus redes sociales y canales oficiales.<\/p>\n<p>&#013;<br \/>\nSource: Bolsamania.com<\/p>\n","protected":false},"excerpt":{"rendered":"<p>Renfe ha comunicado que el servicio de Cercan\u00edas L\u00edneas que reanudar\u00e1n sus circulaciones el martes 29 de abril de 2025&#8230;<\/p>\n","protected":false},"author":1,"featured_media":0,"comment_status":"open","ping_status":"closed","sticky":false,"template":"","format":"standard","meta":[],"categories":[104],"tags":[99],"_links":{"self":[{"href":"https:\/\/tuavaluo.com\/avaluo\/wp-json\/wp\/v2\/posts\/90225"}],"collection":[{"href":"https:\/\/tuavaluo.com\/avaluo\/wp-json\/wp\/v2\/posts"}],"about":[{"href":"https:\/\/tuavaluo.com\/avaluo\/wp-json\/wp\/v2\/types\/post"}],"author":[{"embeddable":true,"href":"https:\/\/tuavaluo.com\/avaluo\/wp-json\/wp\/v2\/users\/1"}],"replies":[{"embeddable":true,"href":"https:\/\/tuavaluo.com\/avaluo\/wp-json\/wp\/v2\/comments?post=90225"}],"version-history":[{"count":0,"href":"https:\/\/tuavaluo.com\/avaluo\/wp-json\/wp\/v2\/posts\/90225\/revisions"}],"wp:attachment":[{"href":"https:\/\/tuavaluo.com\/avaluo\/wp-json\/wp\/v2\/media?parent=90225"}],"wp:term":[{"taxonomy":"category","embeddable":true,"href":"https:\/\/tuavaluo.com\/avaluo\/wp-json\/wp\/v2\/categories?post=90225"},{"taxonomy":"post_tag","embeddable":true,"href":"https:\/\/tuavaluo.com\/avaluo\/wp-json\/wp\/v2\/tags?post=90225"}],"curies":[{"name":"wp","href":"https:\/\/api.w.org\/{rel}","templated":true}]}}