{"id":90248,"date":"2025-04-29T10:28:14","date_gmt":"2025-04-29T10:28:14","guid":{"rendered":"https:\/\/tuavaluo.com\/avaluo\/2025\/04\/29\/el-indicador-de-sentimiento-economico-de-la-eurozona-cae-en-abril-por-debajo-de-lo-previsto\/"},"modified":"2025-04-29T10:28:14","modified_gmt":"2025-04-29T10:28:14","slug":"el-indicador-de-sentimiento-economico-de-la-eurozona-cae-en-abril-por-debajo-de-lo-previsto","status":"publish","type":"post","link":"https:\/\/tuavaluo.com\/avaluo\/2025\/04\/29\/el-indicador-de-sentimiento-economico-de-la-eurozona-cae-en-abril-por-debajo-de-lo-previsto\/","title":{"rendered":"El indicador de sentimiento econ\u00f3mico de la eurozona cae en abril por debajo de lo previsto"},"content":{"rendered":"<p>Por componentes, <strong>el debilitamiento de la confianza se extiende ampliamente a todos los sectores principales<\/strong>.<\/p>\n<p>As\u00ed, la confianza del consumidor cay\u00f3 a -16,7 frente al -14,5 de marzo, entre los proveedores de servicios descendi\u00f3 a 1,4 desde le 2,2,en el comercio minorista baj\u00f3 hasta -8,9 frente a -7, entre los fabricantes a -11,2 frente a -10,7 y entre las empresas de construcci\u00f3n a -4,3 desde -3,7.<\/p>\n<p>Como comentan los analistas de ING, los datos muestran \u00abque se vislumbraba cierta mejora en la industria de la eurozona antes del &#8216;D\u00eda de la Liberaci\u00f3n&#8217;. La evaluaci\u00f3n de la cartera de pedidos continu\u00f3 tocando fondo de forma gradual y los inventarios comenzaron a disminuir. Normalmente, esta combinaci\u00f3n ser\u00eda un buen augurio para la producci\u00f3n futura, de no ser por<strong> las nuevas tensiones comerciales y la incertidumbre<\/strong>\u00ab.<\/p>\n<p>De cara al futuro, creen que el flujo de noticias sobre comercio y aranceles se ha calmado en los \u00faltimos d\u00edas. \u00abSin embargo, esto no quita que los aranceles aplicados sigan siendo m\u00e1s altos que a principios de a\u00f1o, a pesar de las exenciones y la pausa de 90 d\u00edas, y <strong>la amenaza de que se apliquen m\u00e1s a\u00fan se cierne sobre la econom\u00eda mundial<\/strong>\u00ab.<\/p>\n<p>\u00abEl elevado nivel de incertidumbre persiste, lo cual constituye otro factor que <strong>frena la actividad econ\u00f3mica<\/strong> en la eurozona\u00bb, apuntan.<\/p>\n<p>Por ello, consideran que el indicador de sentimiento econ\u00f3mico \u00abilustra una vez m\u00e1s c\u00f3mo las \u00faltimas cuatro semanas de tensiones arancelarias e incertidumbre <strong>han arrasado por completo el t\u00edmido regreso del optimismo en la eurozona<\/strong>. A menos que se produzcan cambios importantes en la pol\u00edtica comercial estadounidense, tanto el sentimiento como la actividad econ\u00f3mica en la eurozona<strong> se mantendr\u00e1n moderados durante los pr\u00f3ximos meses<\/strong>\u00ab.<\/p>\n<p>&#013;<br \/>\nSource: Bolsamania.com<\/p>\n","protected":false},"excerpt":{"rendered":"<p>Por componentes, el debilitamiento de la confianza se extiende ampliamente a todos los sectores principales. As\u00ed, la confianza del consumidor&#8230;<\/p>\n","protected":false},"author":1,"featured_media":0,"comment_status":"open","ping_status":"closed","sticky":false,"template":"","format":"standard","meta":[],"categories":[104],"tags":[99],"_links":{"self":[{"href":"https:\/\/tuavaluo.com\/avaluo\/wp-json\/wp\/v2\/posts\/90248"}],"collection":[{"href":"https:\/\/tuavaluo.com\/avaluo\/wp-json\/wp\/v2\/posts"}],"about":[{"href":"https:\/\/tuavaluo.com\/avaluo\/wp-json\/wp\/v2\/types\/post"}],"author":[{"embeddable":true,"href":"https:\/\/tuavaluo.com\/avaluo\/wp-json\/wp\/v2\/users\/1"}],"replies":[{"embeddable":true,"href":"https:\/\/tuavaluo.com\/avaluo\/wp-json\/wp\/v2\/comments?post=90248"}],"version-history":[{"count":0,"href":"https:\/\/tuavaluo.com\/avaluo\/wp-json\/wp\/v2\/posts\/90248\/revisions"}],"wp:attachment":[{"href":"https:\/\/tuavaluo.com\/avaluo\/wp-json\/wp\/v2\/media?parent=90248"}],"wp:term":[{"taxonomy":"category","embeddable":true,"href":"https:\/\/tuavaluo.com\/avaluo\/wp-json\/wp\/v2\/categories?post=90248"},{"taxonomy":"post_tag","embeddable":true,"href":"https:\/\/tuavaluo.com\/avaluo\/wp-json\/wp\/v2\/tags?post=90248"}],"curies":[{"name":"wp","href":"https:\/\/api.w.org\/{rel}","templated":true}]}}