{"id":90318,"date":"2025-04-30T09:04:38","date_gmt":"2025-04-30T09:04:38","guid":{"rendered":"https:\/\/tuavaluo.com\/avaluo\/2025\/04\/30\/redeia-sufre-en-bolsa-las-electricas-podrian-reclamar-indemnizaciones-por-el-apagon\/"},"modified":"2025-04-30T09:04:38","modified_gmt":"2025-04-30T09:04:38","slug":"redeia-sufre-en-bolsa-las-electricas-podrian-reclamar-indemnizaciones-por-el-apagon","status":"publish","type":"post","link":"https:\/\/tuavaluo.com\/avaluo\/2025\/04\/30\/redeia-sufre-en-bolsa-las-electricas-podrian-reclamar-indemnizaciones-por-el-apagon\/","title":{"rendered":"Redeia sufre en bolsa: las el\u00e9ctricas podr\u00edan reclamar indemnizaciones por el apag\u00f3n"},"content":{"rendered":"<div class=\"read-more-links\">\n<h5>Noticia relacionada<\/h5>\n<p><a class=\"readMore\" href=\"https:\/\/www.bolsamania.com\/en-directo\/espana\/apagon-masivo-ultima-hora.html\" rel=\"noopener noreferrer\" target=\"_blank\" data-id=\"19468714\" rel=\"nofollow\" ><\/p>\n<figure><img class=\"lazy\" title=\"Leer m\u00e1s\" data-original=\"https:\/\/img.s3wfg.com\/web\/img\/images_uploaded\/4\/6\/ep_archivo_-_electricidad_energia_cables_torres_electricas_corriente_20250103113604_285x185.jpg\" data-src=\"https:\/\/img.s3wfg.com\/web\/img\/images_uploaded\/4\/6\/ep_archivo_-_electricidad_energia_cables_torres_electricas_corriente_20250103113604_285x185.jpg\" \/><\/figure>\n<p>Renfe confirma que est\u00e1n recuperados \u00abtodos los servicios tras el apag\u00f3n\u00bb <\/a><\/div>\n<p>Las grandes compa\u00f1\u00edas el\u00e9ctricas espa\u00f1olas como Iberdrola, Endesa o Naturgy <strong>podr\u00edan reclamar indemnizaciones multimillonarias<\/strong> a Red El\u00e9ctrica, participada por el Estado, e incluso si hace falta, ir\u00e1n a tribunales, seg\u00fan recoge una informaci\u00f3n de &#8216;Expansi\u00f3n&#8217;.<\/p>\n<p>El <strong>corte de suministro el\u00e9ctrico se prolong\u00f3 durante varias horas<\/strong> despu\u00e9s de que se iniciara a las 12:32 horas del mediod\u00eda, afectando a unos 30 millones de contratos de luz.<\/p>\n<p>Hasta ahora, <strong>las causas no se han concretado<\/strong>, aunque las compa\u00f1\u00edas han explicado que se detectaron oscilaciones an\u00f3malas en la red que dificultaron su estabilizaci\u00f3n, lo que conllev\u00f3 a un desacoplamiento autom\u00e1tico de diversas instalaciones en el sistema.<\/p>\n<p>\u00abA partir de ese mismo instante, Iberdrola Espa\u00f1a puso todos sus recursos a disposici\u00f3n del Operador del Sistema, Red El\u00e9ctrica de Espa\u00f1a, para contribuir al restablecimiento del suministro, <strong>seg\u00fan los protocolos aprobados<\/strong> por esa misma entidad\u00bb, afirman desde la empresa.<\/p>\n<p>Tanto desde Iberdrola Espa\u00f1a como desde sus filiales han mostrado \u00abplena disposici\u00f3n del Operador del Sistema, Red El\u00e9ctrica de Espa\u00f1a, y de las autoridades competentes, siempre <strong>de acuerdo con la regulaci\u00f3n vigente<\/strong>\u00ab.<\/p>\n<p>Adem\u00e1s, Ibedrola valorar\u00e1 \u00abadoptar las medidas necesarias para la defensa de sus derechos\u00bb: \u00abEn funci\u00f3n de dicha causa, Iberdrola Espa\u00f1a <strong>valorar\u00e1 adoptar las medidas necesarias para la defensa de sus derechos y los de sus clientes<\/strong>\u00ab.<\/p>\n<p>Mientras, desde Endesa han asegurado que \u00abha colaborado estrechamente con el operador del sistema el\u00e9ctrico espa\u00f1ol (Red El\u00e9ctrica) siguiendo sus directrices para ayudar a la recuperaci\u00f3n del suministro lo antes posible <strong>conforme a los procedimientos establecidos<\/strong>. Endesa ha colaborado adem\u00e1s con todas las autoridades, participando en los grupos de crisis para gestionar la vuelta a la normalidad\u00bb.<\/p>\n<p>Por su parte, la CNMC ha dicho que \u00abrealizar\u00e1 las actuaciones oportunas en materia de supervisi\u00f3n\u00bb en relaci\u00f3n al apag\u00f3n: \u00abLa CNMC est\u00e1 en comunicaci\u00f3n constante con el Ministerio para la Transici\u00f3n Ecol\u00f3gica y para el Reto Demogr\u00e1fico, Red El\u00e9ctrica de Espa\u00f1a y dem\u00e1s agentes implicados en este incidente excepcional. Las actuaciones de la CNMC se desarrollar\u00e1n con car\u00e1cter ex post, dentro del marco legal que regula su funci\u00f3n supervisora, una vez se<strong> recabe la informaci\u00f3n necesaria del operador del sistema y dem\u00e1s agentes del sistema<\/strong> para el ejercicio de esta funci\u00f3n\u00bb, explica.<\/p>\n<p>Tambi\u00e9n <strong>el Gobierno crear\u00e1 una Comisi\u00f3n de Investigaci\u00f3n<\/strong>. \u00abVamos a exigir todas las responsabilidades pertinentes a los operadores privados\u00bb, ha dicho el presidente Pedro S\u00e1nchez, que ha anunciado que \u00abse har\u00e1n las reformas y medidas necesarias para que esto no vuelva a suceder\u00bb.<\/p>\n<p>\u00abEl Gobierno va a llegar hasta el fondo en este asunto. <strong>Nuestra prioridad es descubrir qu\u00e9 ha pasado<\/strong>. Esto no puede volver a pasar. <strong>Vamos a responder a todas las preguntas y exigiremos responsabilidades<\/strong>. La ciudadan\u00eda debe tener claro que el Gobierno de Espa\u00f1a va a llegar al fondo en este asunto\u00bb. Los resultados del an\u00e1lisis se ir\u00e1n haciendo p\u00fablicos.<\/p>\n<\/p>\n<p>&#013;<br \/>\nSource: Bolsamania.com<\/p>\n","protected":false},"excerpt":{"rendered":"<p>Noticia relacionada Renfe confirma que est\u00e1n recuperados \u00abtodos los servicios tras el apag\u00f3n\u00bb Las grandes compa\u00f1\u00edas el\u00e9ctricas espa\u00f1olas como Iberdrola,&#8230;<\/p>\n","protected":false},"author":1,"featured_media":90319,"comment_status":"open","ping_status":"closed","sticky":false,"template":"","format":"standard","meta":[],"categories":[104],"tags":[99],"_links":{"self":[{"href":"https:\/\/tuavaluo.com\/avaluo\/wp-json\/wp\/v2\/posts\/90318"}],"collection":[{"href":"https:\/\/tuavaluo.com\/avaluo\/wp-json\/wp\/v2\/posts"}],"about":[{"href":"https:\/\/tuavaluo.com\/avaluo\/wp-json\/wp\/v2\/types\/post"}],"author":[{"embeddable":true,"href":"https:\/\/tuavaluo.com\/avaluo\/wp-json\/wp\/v2\/users\/1"}],"replies":[{"embeddable":true,"href":"https:\/\/tuavaluo.com\/avaluo\/wp-json\/wp\/v2\/comments?post=90318"}],"version-history":[{"count":0,"href":"https:\/\/tuavaluo.com\/avaluo\/wp-json\/wp\/v2\/posts\/90318\/revisions"}],"wp:featuredmedia":[{"embeddable":true,"href":"https:\/\/tuavaluo.com\/avaluo\/wp-json\/wp\/v2\/media\/90319"}],"wp:attachment":[{"href":"https:\/\/tuavaluo.com\/avaluo\/wp-json\/wp\/v2\/media?parent=90318"}],"wp:term":[{"taxonomy":"category","embeddable":true,"href":"https:\/\/tuavaluo.com\/avaluo\/wp-json\/wp\/v2\/categories?post=90318"},{"taxonomy":"post_tag","embeddable":true,"href":"https:\/\/tuavaluo.com\/avaluo\/wp-json\/wp\/v2\/tags?post=90318"}],"curies":[{"name":"wp","href":"https:\/\/api.w.org\/{rel}","templated":true}]}}