{"id":90523,"date":"2025-05-06T04:00:00","date_gmt":"2025-05-06T04:00:00","guid":{"rendered":"https:\/\/tuavaluo.com\/avaluo\/2025\/05\/06\/alemania-ya-tiene-gobierno-que-traera-el-nuevo-canciller-merz-esto-esperan-en-berenberg\/"},"modified":"2025-05-06T04:00:00","modified_gmt":"2025-05-06T04:00:00","slug":"alemania-ya-tiene-gobierno-que-traera-el-nuevo-canciller-merz-esto-esperan-en-berenberg","status":"publish","type":"post","link":"https:\/\/tuavaluo.com\/avaluo\/2025\/05\/06\/alemania-ya-tiene-gobierno-que-traera-el-nuevo-canciller-merz-esto-esperan-en-berenberg\/","title":{"rendered":"Alemania ya tiene Gobierno: \u00bfqu\u00e9 traer\u00e1 el nuevo canciller Merz? Esto esperan en Berenberg"},"content":{"rendered":"<p>Fue a finales de febrero cuando el <a href=\"https:\/\/www.bolsamania.com\/noticias\/mercados\/mercado-resultado-electoral-aleman-gran-coalicion-opcion-mas-realista--18989770.html\" rel=\"noopener noreferrer\" target=\"_blank\" rel=\"nofollow\" ><strong>resultado de las elecciones alemanas<\/strong><\/a> dej\u00f3 a la formaci\u00f3n de centro-derecha CDU\/CSU, liderada por Merz con el 28,6% de los votos, superando a la formaci\u00f3n de ultraderecha AfD, que logr\u00f3 hasta el 20,8% situ\u00e1ndose como segunda fuerza pol\u00edtica. El perdedor fue el SPD (centro-izquierda) de Scholz, que cay\u00f3 al 16,4%. Mientras, los Verdes (centro-izquierda) quedaron en cuarto lugar con el 11,6%, seguidos por La Izquierda, con el 8,8%.<\/p>\n<p>Desde entonces se ha estado negociando la <strong>hoja de ruta para los pr\u00f3ximos cuatro a\u00f1os<\/strong>, que finalmente ha quedado fijada en un contrato de coalici\u00f3n de 144 p\u00e1ginas y titulado \u00abResponsabilidad para Alemania\u00bb. As\u00ed, el pa\u00eds tendr\u00e1 oficialmente un nuevo Gobierno que se centrar\u00e1 en temas como la pol\u00edtica europea y exterior, controles de inmigraci\u00f3n m\u00e1s estrictos, desregulaci\u00f3n, digitalizaci\u00f3n y modernizaci\u00f3n del aparato estatal y una pol\u00edtica energ\u00e9tica m\u00e1s racional.<\/p>\n<p><strong>\u00abEl fin del vac\u00edo de poder en el coraz\u00f3n de Europa es, en s\u00ed mismo, un gran punto positivo\u00bb<\/strong>, aseguran los expertos de Berenberg, que, aunque no prev\u00e9n una revoluci\u00f3n pol\u00edtica, s\u00ed creen que Merz \u00abprobablemente marcar\u00e1 la diferencia\u00bb.<\/p>\n<p>\u00abCon sus firmes convicciones transatl\u00e1nticas, proeuropeas y proucranianas, esperamos que implemente una pol\u00edtica exterior m\u00e1s en\u00e9rgica, mejore las relaciones, especialmente con Francia y Polonia, y tenga <strong>m\u00e1s posibilidades de entenderse con el presidente estadounidense Donald Trump<\/strong>. Su experiencia empresarial puede ayudarle en ese sentido y a sacar a Alemania de sus casi cuatro a\u00f1os de estancamiento econ\u00f3mico\u00bb, dicen.<\/p>\n<p>Como explican los analistas, tanto Merz como el nuevo ministro de finanzas, Lars Klingbeil, saben que su gobierno<strong> necesita tener \u00e9xito para frenar el ascenso de la AfD<\/strong>, de modo que no se acerque al poder en las pr\u00f3ximas elecciones de principios de 2029. Y, para ello, necesitan reducir la inmigraci\u00f3n irregular, reactivar la econom\u00eda, mejorar el funcionamiento del Estado y plantar cara al presidente de Rusia, Vladimir Putin.<\/p>\n<p>Creen que si Merz aumenta el apoyo alem\u00e1n a Ucrania y entrega los misiles Taurus m\u00e1s potentes a Kiev despu\u00e9s de consultar con los aliados de la OTAN <strong>\u00abser\u00e1 una prueba temprana de su temple en pol\u00edtica exterior\u00bb<\/strong>. Adem\u00e1s, Merz intentar\u00e1 colaborar estrechamente con sus socios europeos y la Comisi\u00f3n Europea, encabezada por Ursula von der Leyen, tambi\u00e9n de la CDU alemana.<\/p>\n<p>\u00abSin embargo, no esperamos que suscriba eurobonos, salvo posiblemente para un fondo especial excepcional para la reconstrucci\u00f3n de Ucrania. La <strong>financiaci\u00f3n permanente del gasto europeo mediante deuda com\u00fan sigue siendo una l\u00ednea roja<\/strong> para los conservadores alemanes. No obstante, parece probable que se produzcan avances modestos en la uni\u00f3n de los mercados de capitales y en otros asuntos\u00bb, a\u00f1aden.<\/p>\n<p>En cuanto a las reformas para buscar el crecimiento econ\u00f3mico, indican que el acuerdo de coalici\u00f3n incluye algunas reformas \u00fatiles en el \u00e1mbito de la oferta que <strong>ayudar\u00e1n a aliviar la escasez de mano de obra, reducir el precio de la energ\u00eda y modernizar la infraestructura<\/strong> con el tiempo.<\/p>\n<p>\u00abEsperamos que las reformas <strong>eleven el potencial de crecimiento anual a largo plazo del PIB real alem\u00e1n<\/strong> por encima de su 0,4% actual. Sin embargo, sigue siendo una inc\u00f3gnita si el crecimiento tendencial se duplicar\u00e1 hasta el 0,8%, como esper\u00e1bamos justo despu\u00e9s de las elecciones. En su pacto de coalici\u00f3n, la CDU\/CSU y el SPD hab\u00edan superado en parte sus diferencias en materia de pol\u00edtica econ\u00f3mica financiando algunos de sus respectivos proyectos favoritos en lugar de establecer prioridades claras para el uso del dinero p\u00fablico. El acuerdo <strong>promete m\u00e1s subvenciones, pero solo identifica ahorros modestos<\/strong>\u00ab, comentan.<\/p>\n<p>En Berenberg tambi\u00e9n apuntan a que <strong>algunas cuestiones clave siguen sin resolverse<\/strong>: \u00abLa m\u00e1s importante es que el acuerdo no responde a la pregunta de c\u00f3mo contener el peligroso aumento de los impuestos sobre la n\u00f3mina para financiar el sistema social\u00bb. Estos impuestos sobre la n\u00f3mina han aumentado del 39,6% del salario bruto en 2020 a aproximadamente el 42% en la actualidad.<\/p>\n<p>\u00abComo es tradici\u00f3n, la CDU\/CSU y el SPD han retrasado decisiones dif\u00edciles al encargar a comisiones que examinen primero estos asuntos. Sin reformas serias en los sistemas de salud, pensiones y atenci\u00f3n a la tercera edad, que se encarecen cada vez m\u00e1s en una sociedad que envejece, el nuevo Gobierno <strong>podr\u00eda volver a enfrentarse pronto a restricciones fiscales, a pesar del margen fiscal adicional para defensa e infraestructuras<\/strong>\u00ab, afirman.<\/p>\n<p>En este sentido, prev\u00e9n que el pol\u00e9mico debate se reavive a finales de 2025, \u00ablo cual promete ser ruidoso\u00bb. Pero como tanto Merz como Klingbeil saben que <strong>no les queda otra alternativa pol\u00edtica que mantenerse unidos<\/strong>, ven probable que finalmente acuerden algunas reformas modestas para ahorrar costes, \u00abtras un acalorado debate previo\u00bb.<\/p>\n<p>En comparaci\u00f3n con la situaci\u00f3n anterior, los analistas consideran que la agenda gubernamental mejorar\u00e1 las perspectivas econ\u00f3micas de Alemania y que, tras un estancamiento casi total este a\u00f1o, la econom\u00eda alemana podr\u00eda <strong>expandirse un 1,3% en 2026 y un 1,4% en 2027<\/strong>.<\/p>\n<p>\u00abEstas previsiones se basan en el supuesto de que Trump no intensifique a\u00fan m\u00e1s sus devastadoras guerras comerciales. A medida que aumente el da\u00f1o de sus pol\u00edticas comerciales en EEUU, esperamos que reduzca los aranceles adicionales a la Uni\u00f3n Europea del 20% al 10% tras las negociaciones en los pr\u00f3ximos dos meses. De lo contrario, <strong>las perspectivas a corto plazo para la econom\u00eda alemana ser\u00edan significativamente m\u00e1s sombr\u00edas<\/strong>. Pero incluso en ese caso, las reformas internas alemanas deber\u00edan mejorar las perspectivas a largo plazo\u00bb, aseguran.<\/p>\n<p>&#013;<br \/>\nSource: Bolsamania.com<\/p>\n","protected":false},"excerpt":{"rendered":"<p>Fue a finales de febrero cuando el resultado de las elecciones alemanas dej\u00f3 a la formaci\u00f3n de centro-derecha CDU\/CSU, liderada&#8230;<\/p>\n","protected":false},"author":1,"featured_media":0,"comment_status":"open","ping_status":"closed","sticky":false,"template":"","format":"standard","meta":[],"categories":[104],"tags":[99],"_links":{"self":[{"href":"https:\/\/tuavaluo.com\/avaluo\/wp-json\/wp\/v2\/posts\/90523"}],"collection":[{"href":"https:\/\/tuavaluo.com\/avaluo\/wp-json\/wp\/v2\/posts"}],"about":[{"href":"https:\/\/tuavaluo.com\/avaluo\/wp-json\/wp\/v2\/types\/post"}],"author":[{"embeddable":true,"href":"https:\/\/tuavaluo.com\/avaluo\/wp-json\/wp\/v2\/users\/1"}],"replies":[{"embeddable":true,"href":"https:\/\/tuavaluo.com\/avaluo\/wp-json\/wp\/v2\/comments?post=90523"}],"version-history":[{"count":0,"href":"https:\/\/tuavaluo.com\/avaluo\/wp-json\/wp\/v2\/posts\/90523\/revisions"}],"wp:attachment":[{"href":"https:\/\/tuavaluo.com\/avaluo\/wp-json\/wp\/v2\/media?parent=90523"}],"wp:term":[{"taxonomy":"category","embeddable":true,"href":"https:\/\/tuavaluo.com\/avaluo\/wp-json\/wp\/v2\/categories?post=90523"},{"taxonomy":"post_tag","embeddable":true,"href":"https:\/\/tuavaluo.com\/avaluo\/wp-json\/wp\/v2\/tags?post=90523"}],"curies":[{"name":"wp","href":"https:\/\/api.w.org\/{rel}","templated":true}]}}