{"id":90549,"date":"2025-05-06T07:51:58","date_gmt":"2025-05-06T07:51:58","guid":{"rendered":"https:\/\/tuavaluo.com\/avaluo\/2025\/05\/06\/la-seguridad-social-gana-casi-231-000-afiliados-y-logra-su-segundo-mejor-abril-de-la-historia\/"},"modified":"2025-05-06T07:51:58","modified_gmt":"2025-05-06T07:51:58","slug":"la-seguridad-social-gana-casi-231-000-afiliados-y-logra-su-segundo-mejor-abril-de-la-historia","status":"publish","type":"post","link":"https:\/\/tuavaluo.com\/avaluo\/2025\/05\/06\/la-seguridad-social-gana-casi-231-000-afiliados-y-logra-su-segundo-mejor-abril-de-la-historia\/","title":{"rendered":"La Seguridad Social gana casi 231.000 afiliados y logra su segundo mejor abril de la historia"},"content":{"rendered":"<div class=\"read-more-links\">\n<h5>Noticia relacionada<\/h5>\n<p><a class=\"readMore\" href=\"https:\/\/www.bolsamania.com\/noticias\/economia\/paro-baja-67420-personas-abril-251-millones-menor-cifra-2008--19563614.html\" rel=\"noopener noreferrer\" target=\"_blank\" data-id=\"19563614\" rel=\"nofollow\" ><\/p>\n<figure><img class=\"lazy\" title=\"Leer m\u00e1s\" data-original=\"https:\/\/img4.s3wfg.com\/web\/img\/images_uploaded\/8\/9\/ep_archivo_-_una_oficina_del_servicio_publico_de_empleo_estatal_sepe_20250428090104_285x185.jpg\" data-src=\"https:\/\/img4.s3wfg.com\/web\/img\/images_uploaded\/8\/9\/ep_archivo_-_una_oficina_del_servicio_publico_de_empleo_estatal_sepe_20250428090104_285x185.jpg\" \/><\/figure>\n<p>El paro baja en 67.420 personas en abril, a 2,51 millones, su menor cifra desde 2008 <\/a><\/div>\n<p>Si atendemos a la serie diaria, cabe destacar que ocho d\u00edas del mes se han superado los 21,6 millones de afiliados, todos ellos en la segunda quincena. De hecho, el d\u00eda 28 de abril se sobrepasaron los 21,7 millones.<\/p>\n<p>Tambi\u00e9n se alcanza el <strong>m\u00e1ximo hist\u00f3rico de mujeres afiliadas a la Seguridad Social, con 10.238.541 cotizantes<\/strong> de media, lo que representa un 47,4% del total, tras sumar 121.483 ocupadas en el mes. En el caso del R\u00e9gimen General, las mujeres representan ya el 48,9% de los afiliados.<\/p>\n<p>Entre los hombres, la afiliaci\u00f3n creci\u00f3 en 109.510 ocupados en abril (+1%), hasta los 11.350.098 cotizantes.<\/p>\n<p>\u00ab<strong>El empleo sigue creciendo y es de m\u00e1s calidad<\/strong>. Los resultados de la reforma laboral son incuestionables\u00bb, ha destacado la ministra de Inclusi\u00f3n, Seguridad Social y Migraciones, Elma Saiz.<\/p>\n<p>\u00abDesde su entrada en vigor, hemos sumado 1,74 millones de afiliados y hemos alcanzado cifras hist\u00f3ricas de 21,5 millones de trabajadores, superando varios d\u00edas de abril los 21,6 millones, incluso hemos superado puntualmente los 21,7 millones de afiliado\u00bb, ha a\u00f1adido.<\/p>\n<p>En detalle, <strong>el R\u00e9gimen General gan\u00f3 217.148 cotizantes (+1,2%), hasta superar los 18,1 millones de ocupados<\/strong>. En el R\u00e9gimen de Aut\u00f3nomos (RETA), la subida ha sido de 12.950 afiliados (+0,4%), colocando el total de cotizantes por cuenta propia en 3.402.198 personas.<\/p>\n<p>La pr\u00e1ctica mayor\u00eda de los sectores del R\u00e9gimen General gana afiliados. As\u00ed, <strong>Hosteler\u00eda<\/strong> sum\u00f3 108.513 cotizantes (+7,4%), <strong>Comercio<\/strong> 15.677 afiliados (+0,6%) y <strong>Actividades Administrativas<\/strong> 15.343 (+1,1%). El <strong>Sistema Especial Agrario<\/strong> sum\u00f3 18.762 afiliados (+2,8%). Por contra, el del <strong>Hogar<\/strong> tuvo 1.014 bajas (-0,3%).<\/p>\n<p>En la actualidad, hay <strong>m\u00e1s de 15 millones de ocupados con contrato indefinido, de los que m\u00e1s de 9,9 millones trabajan a tiempo completo<\/strong>. El n\u00famero de fijos-discontinuos, sin embargo, se estabiliza y representa, tan solo, el 5,8% del total. El peso de los trabajadores temporales se mantiene por debajo del 12% (11,9%).<\/p>\n<p>\u00abDurante d\u00e9cadas, millones de trabajadores vivieron atrapados en la temporalidad y la precariedad. Hoy, gracias a la reforma laboral, la situaci\u00f3n ha cambiado de ra\u00edz: <strong>casi nueve de cada de diez empleos son indefinidos<\/strong>\u00ab, ha se\u00f1alado Saiz.<\/p>\n<p>Por CCAA, la afiliaci\u00f3n media subi\u00f3 en abril en todas ellas, sobre todo en Baleares con 62.884 cotizantes m\u00e1s (+12%), Andaluc\u00eda con 53.980 (+1,5%) y Catalu\u00f1a con 37.403 (+1%).<\/p>\n<p>&#013;<br \/>\nSource: Bolsamania.com<\/p>\n","protected":false},"excerpt":{"rendered":"<p>Noticia relacionada El paro baja en 67.420 personas en abril, a 2,51 millones, su menor cifra desde 2008 Si atendemos&#8230;<\/p>\n","protected":false},"author":1,"featured_media":90550,"comment_status":"open","ping_status":"closed","sticky":false,"template":"","format":"standard","meta":[],"categories":[104],"tags":[99],"_links":{"self":[{"href":"https:\/\/tuavaluo.com\/avaluo\/wp-json\/wp\/v2\/posts\/90549"}],"collection":[{"href":"https:\/\/tuavaluo.com\/avaluo\/wp-json\/wp\/v2\/posts"}],"about":[{"href":"https:\/\/tuavaluo.com\/avaluo\/wp-json\/wp\/v2\/types\/post"}],"author":[{"embeddable":true,"href":"https:\/\/tuavaluo.com\/avaluo\/wp-json\/wp\/v2\/users\/1"}],"replies":[{"embeddable":true,"href":"https:\/\/tuavaluo.com\/avaluo\/wp-json\/wp\/v2\/comments?post=90549"}],"version-history":[{"count":0,"href":"https:\/\/tuavaluo.com\/avaluo\/wp-json\/wp\/v2\/posts\/90549\/revisions"}],"wp:featuredmedia":[{"embeddable":true,"href":"https:\/\/tuavaluo.com\/avaluo\/wp-json\/wp\/v2\/media\/90550"}],"wp:attachment":[{"href":"https:\/\/tuavaluo.com\/avaluo\/wp-json\/wp\/v2\/media?parent=90549"}],"wp:term":[{"taxonomy":"category","embeddable":true,"href":"https:\/\/tuavaluo.com\/avaluo\/wp-json\/wp\/v2\/categories?post=90549"},{"taxonomy":"post_tag","embeddable":true,"href":"https:\/\/tuavaluo.com\/avaluo\/wp-json\/wp\/v2\/tags?post=90549"}],"curies":[{"name":"wp","href":"https:\/\/api.w.org\/{rel}","templated":true}]}}