{"id":90810,"date":"2025-05-09T19:03:52","date_gmt":"2025-05-09T19:03:52","guid":{"rendered":"https:\/\/tuavaluo.com\/avaluo\/2025\/05\/09\/panasonic-despedira-a-10-000-empleados-y-apuesta-por-una-estructura-agil\/"},"modified":"2025-05-09T19:03:52","modified_gmt":"2025-05-09T19:03:52","slug":"panasonic-despedira-a-10-000-empleados-y-apuesta-por-una-estructura-agil","status":"publish","type":"post","link":"https:\/\/tuavaluo.com\/avaluo\/2025\/05\/09\/panasonic-despedira-a-10-000-empleados-y-apuesta-por-una-estructura-agil\/","title":{"rendered":"Panasonic despedir\u00e1 a 10.000 empleados y apuesta por una &quot;estructura \u00e1gil&quot;"},"content":{"rendered":"<p>Las salidas, que se concretar\u00e1n a lo largo del pr\u00f3ximo a\u00f1o<strong>, afectar\u00e1n a 5.000 empleados de las plantas de Jap\u00f3n y a otros 5.000 de distintos pa\u00edses,<\/strong> sobre los que la empresa no ha proporcionado mayor informaci\u00f3n.<\/p>\n<p>Panasonic ha detallado que abordar\u00e1 estos despidos \u00abmediante la <strong>consolidaci\u00f3n de ventas y operaciones indirectas, la finalizaci\u00f3n de operaciones y la consolidaci\u00f3n\/cierre de plantas<\/strong>\u00ab. Tambi\u00e9n se ha referido a \u00abempleados que se jubilan anticipadamente en cada empresa del grupo en Jap\u00f3n\u00bb.<\/p>\n<p>Estas salidas se producen despu\u00e9s de que la compa\u00f1\u00eda cerrara su ejercicio fiscal 2025 con una <strong>ca\u00edda del 17,4% en las ganancias<\/strong>, mientras que las ventas se vieron reducidas en un 0,5%.<\/p>\n<p>\u00abDurante el a\u00f1o fiscal 2025, <strong>la econom\u00eda mundial experiment\u00f3 una desaceleraci\u00f3n gradual.<\/strong> Las econom\u00edas japonesa y europea mostraron una tendencia a la recuperaci\u00f3n gradual, impulsada por factores como la desaceleraci\u00f3n de la inflaci\u00f3n y, a pesar de encontrarse en una fase de desaceleraci\u00f3n moderada, la econom\u00eda estadounidense mostr\u00f3 una fortaleza constante. Mientras tanto, la econom\u00eda china enfrent\u00f3 una continua debilidad, debido principalmente a la desaceleraci\u00f3n del mercado inmobiliario\u00bb, ha destacado.<\/p>\n<p>De cara al futuro, las previsiones de la compa\u00f1\u00eda no son alentadoras, ya que ha asegurado que para el ejercicio fiscal 2026 \u00abespera que las ventas netas disminuyan\u00bb.<\/p>\n<\/p>\n<p>&#013;<br \/>\nSource: Bolsamania.com<\/p>\n","protected":false},"excerpt":{"rendered":"<p>Las salidas, que se concretar\u00e1n a lo largo del pr\u00f3ximo a\u00f1o, afectar\u00e1n a 5.000 empleados de las plantas de Jap\u00f3n&#8230;<\/p>\n","protected":false},"author":1,"featured_media":0,"comment_status":"open","ping_status":"closed","sticky":false,"template":"","format":"standard","meta":[],"categories":[104],"tags":[99],"_links":{"self":[{"href":"https:\/\/tuavaluo.com\/avaluo\/wp-json\/wp\/v2\/posts\/90810"}],"collection":[{"href":"https:\/\/tuavaluo.com\/avaluo\/wp-json\/wp\/v2\/posts"}],"about":[{"href":"https:\/\/tuavaluo.com\/avaluo\/wp-json\/wp\/v2\/types\/post"}],"author":[{"embeddable":true,"href":"https:\/\/tuavaluo.com\/avaluo\/wp-json\/wp\/v2\/users\/1"}],"replies":[{"embeddable":true,"href":"https:\/\/tuavaluo.com\/avaluo\/wp-json\/wp\/v2\/comments?post=90810"}],"version-history":[{"count":0,"href":"https:\/\/tuavaluo.com\/avaluo\/wp-json\/wp\/v2\/posts\/90810\/revisions"}],"wp:attachment":[{"href":"https:\/\/tuavaluo.com\/avaluo\/wp-json\/wp\/v2\/media?parent=90810"}],"wp:term":[{"taxonomy":"category","embeddable":true,"href":"https:\/\/tuavaluo.com\/avaluo\/wp-json\/wp\/v2\/categories?post=90810"},{"taxonomy":"post_tag","embeddable":true,"href":"https:\/\/tuavaluo.com\/avaluo\/wp-json\/wp\/v2\/tags?post=90810"}],"curies":[{"name":"wp","href":"https:\/\/api.w.org\/{rel}","templated":true}]}}