{"id":91630,"date":"2025-05-27T14:45:43","date_gmt":"2025-05-27T14:45:43","guid":{"rendered":"https:\/\/tuavaluo.com\/avaluo\/2025\/05\/27\/trump-alaba-el-paso-positivo-de-la-ue-para-avanzar-en-las-negociaciones-comerciales\/"},"modified":"2025-05-27T14:45:43","modified_gmt":"2025-05-27T14:45:43","slug":"trump-alaba-el-paso-positivo-de-la-ue-para-avanzar-en-las-negociaciones-comerciales","status":"publish","type":"post","link":"https:\/\/tuavaluo.com\/avaluo\/2025\/05\/27\/trump-alaba-el-paso-positivo-de-la-ue-para-avanzar-en-las-negociaciones-comerciales\/","title":{"rendered":"Trump alaba el paso &quot;positivo&quot; de la UE para avanzar en las negociaciones comerciales"},"content":{"rendered":"<p>\u00abMe acaban de informar que <strong>la UE ha llamado para fijar r\u00e1pidamente las fechas de la reuni\u00f3n. Este es un evento positivo<\/strong>, y espero que, FINALMENTE, al igual que mi demanda a China, abran las naciones europeas al comercio con Estados Unidos. \u00a1AMBOS estar\u00e1n muy contentos y tendr\u00e1n \u00e9xito si lo hacen!\u00bb, ha publicado Trump en su red social Truth Social.<\/p>\n<p>Con todo, el presidente estadounidense ha dejado claro que se sinti\u00f3 \u00absumamente satisfecho con la asignaci\u00f3n del 50% del arancel a la Uni\u00f3n Europea, especialmente porque <strong>estaban &#8216;lentamente&#8217; (\u00a1por decirlo suavemente!) en nuestras negociaciones con ellos<\/strong>\u00ab.<\/p>\n<p>En este sentido, cabe recordar que el pasado viernes, 23 de mayo, Trump sugiri\u00f3 un <strong><a href=\"https:\/\/www.bolsamania.com\/noticias\/economia\/trump-dice-conversaciones-ue-no-avanzan-ameanaza-arancel-50--19792316.html\" rel=\"noopener noreferrer\" target=\"_blank\" rel=\"nofollow\" >\u00abarancel directo del 50%\u00bb sobre la UE a partir del 1 de junio<\/a><\/strong>, alegando que <strong>el bloque comunitario \u00abha sido muy dif\u00edcil de tratar\u00bb<\/strong>, por lo que las conversaciones no estaban avanzando.<\/p>\n<p>Pero en un nuevo bandazo, y tras hablar con <strong>Ursula von der Leyen<\/strong>, presidenta de la Comisi\u00f3n Europea, el mandatario aceptaba una <strong><a href=\"https:\/\/www.bolsamania.com\/noticias\/economia\/trump-tregua-ue-aranceles-50-9-julio--19803636.html\" rel=\"noopener noreferrer\" target=\"_blank\" rel=\"nofollow\" >pr\u00f3rroga<\/a><\/strong> para la entrada en vigor de dicha tarifa hasta el <strong>pr\u00f3ximo 9 de julio<\/strong>.<\/p>\n<p>Y as\u00ed, con los \u00e1nimos &#8216;m\u00e1s calmados&#8217;, este lunes <strong>representantes de la UE y de EEUU retomaban las conversaciones<\/strong> para dar un impulso a las negociaciones. En concreto, el comisario europeo de Comercio, <strong>Maros Sefcovic<\/strong>, hablaba con el secretario estadounidense de Comercio, <strong>Howard Lutnick<\/strong>, y con el representante Comercial de EEUU,<strong> Jamieson Greer<\/strong>.<\/p>\n<p>\u00abLa Comisi\u00f3n Europea mantiene su firme compromiso con los esfuerzos constructivos y centrados para <strong>avanzar con paso firme hacia un acuerdo con EEUU<\/strong>. Seguimos en contacto constante\u00bb, reconoc\u00eda Sefcovic a trav\u00e9s de sus redes sociales.<\/p>\n<p>No obstante, para Ipek Ozkardeskaya, analista s\u00e9nior de Swissquote Bank, \u00abhoy estamos en una situaci\u00f3n peor que hace un mes. Y hace un mes, est\u00e1bamos en una situaci\u00f3n peor que hace tres meses. Se supon\u00eda que el periodo de negociaciones comerciales globales durar\u00eda 90 d\u00edas, y ahora termina de repente.<strong> Los aranceles no bajar\u00e1n del nivel &#8216;universal&#8217; del 10%<\/strong> y las subidas del mercado no se desencadenan por buenas noticias, sino por la opci\u00f3n menos mala: una vez que Trump o su administraci\u00f3n suavicen una postura previamente descabellada\u00bb.<\/p>\n<p>Porque con Trump todo es posible. \u00abRecuerden,<strong> tengo la facultad de &#8216;LLEGAR A UN ACUERDO&#8217;<\/strong> para el comercio con Estados Unidos si no logramos llegar a un acuerdo o si recibimos un trato injusto\u00bb, ha concluido el presidente de EEUU.<\/p>\n<p>&#013;<br \/>\nSource: Bolsamania.com<\/p>\n","protected":false},"excerpt":{"rendered":"<p>\u00abMe acaban de informar que la UE ha llamado para fijar r\u00e1pidamente las fechas de la reuni\u00f3n. Este es un&#8230;<\/p>\n","protected":false},"author":1,"featured_media":0,"comment_status":"open","ping_status":"closed","sticky":false,"template":"","format":"standard","meta":[],"categories":[104],"tags":[99],"_links":{"self":[{"href":"https:\/\/tuavaluo.com\/avaluo\/wp-json\/wp\/v2\/posts\/91630"}],"collection":[{"href":"https:\/\/tuavaluo.com\/avaluo\/wp-json\/wp\/v2\/posts"}],"about":[{"href":"https:\/\/tuavaluo.com\/avaluo\/wp-json\/wp\/v2\/types\/post"}],"author":[{"embeddable":true,"href":"https:\/\/tuavaluo.com\/avaluo\/wp-json\/wp\/v2\/users\/1"}],"replies":[{"embeddable":true,"href":"https:\/\/tuavaluo.com\/avaluo\/wp-json\/wp\/v2\/comments?post=91630"}],"version-history":[{"count":0,"href":"https:\/\/tuavaluo.com\/avaluo\/wp-json\/wp\/v2\/posts\/91630\/revisions"}],"wp:attachment":[{"href":"https:\/\/tuavaluo.com\/avaluo\/wp-json\/wp\/v2\/media?parent=91630"}],"wp:term":[{"taxonomy":"category","embeddable":true,"href":"https:\/\/tuavaluo.com\/avaluo\/wp-json\/wp\/v2\/categories?post=91630"},{"taxonomy":"post_tag","embeddable":true,"href":"https:\/\/tuavaluo.com\/avaluo\/wp-json\/wp\/v2\/tags?post=91630"}],"curies":[{"name":"wp","href":"https:\/\/api.w.org\/{rel}","templated":true}]}}