{"id":91813,"date":"2025-05-30T11:49:53","date_gmt":"2025-05-30T11:49:53","guid":{"rendered":"https:\/\/tuavaluo.com\/avaluo\/2025\/05\/30\/la-junta-de-iberdrola-aprueba-elevar-un-15-el-dividendo-y-la-reeleccion-de-angel-acebes\/"},"modified":"2025-05-30T11:49:53","modified_gmt":"2025-05-30T11:49:53","slug":"la-junta-de-iberdrola-aprueba-elevar-un-15-el-dividendo-y-la-reeleccion-de-angel-acebes","status":"publish","type":"post","link":"https:\/\/tuavaluo.com\/avaluo\/2025\/05\/30\/la-junta-de-iberdrola-aprueba-elevar-un-15-el-dividendo-y-la-reeleccion-de-angel-acebes\/","title":{"rendered":"La Junta de Iberdrola aprueba elevar un 15% el dividendo y la reelecci\u00f3n de \u00c1ngel Acebes"},"content":{"rendered":"<p>Este importe se compone de los <strong>0,231 euros brutos por acci\u00f3n ya abonados<\/strong> el pasado mes de enero,<strong> m\u00e1s otros 0,404 euros brutos por acci\u00f3n que se distribuir\u00edan el pr\u00f3ximo mes de julio<\/strong>.<\/p>\n<p>A esta retribuci\u00f3n al accionista se sumar\u00e1, adem\u00e1s, el<strong> dividendo de involucraci\u00f3n, de 0,005 euros brutos por acci\u00f3n<\/strong>, tras haber alcanzado un quorum de constituci\u00f3n en la Junta del 70% del capital social.<\/p>\n<p>Los accionistas tambi\u00e9n han respaldado la <strong>reelecci\u00f3n de \u00c1ngel Jes\u00fas Acebes Paniagua y Juan Manuel Gonz\u00e1lez Serna<\/strong> y la ratificaci\u00f3n y reelecci\u00f3n de <strong>Ana Colonques Garc\u00eda-Planas<\/strong> como consejera independiente, que se incorpor\u00f3 al Consejo de Administraci\u00f3n el pasado mes de diciembre, as\u00ed como mantener el n\u00famero de miembros del Consejo en 14.<\/p>\n<p>Con estas propuestas, se da continuidad a la estructura del Consejo, con 2 miembros ejecutivos y 12 externos, de los que un 92% tiene la consideraci\u00f3n de independientes.<\/p>\n<p>Cabe destacar que Iberdrola se ha presentado ante sus accionistas con la <strong>cotizaci\u00f3n en niveles m\u00e1ximos<\/strong> y una capitalizaci\u00f3n burs\u00e1til de 103.000 millones de euros.<\/p>\n<p>Por otro lado, Ignacio Gal\u00e1n, presidente del grupo, ha reafirmado el <strong>compromiso de la compa\u00f1\u00eda con la creaci\u00f3n de valor<\/strong>. \u00ab2024 ha sido un nuevo a\u00f1o r\u00e9cord, gracias a nuestra visi\u00f3n y nuestra estrategia, con las que estamos aportando soluciones a los grandes retos del sector a la vez que generamos riqueza, desarrollo industrial y empleo en los pa\u00edses en los que estamos presentes y mucho valor para los accionistas\u00bb.<\/p>\n<p>Durante la presentaci\u00f3n, Gal\u00e1n tambi\u00e9n ha repasado las <strong>perspectivas de crecimiento<\/strong> de la compa\u00f1\u00eda gracias a su apuesta por la electrificaci\u00f3n. \u00abNuestra visi\u00f3n pionera y nuestra ejecuci\u00f3n exitosa nos han posicionado como l\u00edder de un sector que afrontar\u00e1 en los pr\u00f3ximos a\u00f1os una etapa de crecimiento extraordinaria, ya que <strong>los nuevos avances tecnol\u00f3gicos hacen de la electrificaci\u00f3n un proceso imparable<\/strong>\u00ab, ha comentado, destacando adem\u00e1s la diversificaci\u00f3n internacional del Grupo, especialmente en los Estados Unidos y el Reino Unido, su apuesta por las redes el\u00e9ctricas como vector de crecimiento y su fortaleza financiera.<\/p>\n<p>&#013;<br \/>\nSource: Bolsamania.com<\/p>\n","protected":false},"excerpt":{"rendered":"<p>Este importe se compone de los 0,231 euros brutos por acci\u00f3n ya abonados el pasado mes de enero, m\u00e1s otros&#8230;<\/p>\n","protected":false},"author":1,"featured_media":0,"comment_status":"open","ping_status":"closed","sticky":false,"template":"","format":"standard","meta":[],"categories":[104],"tags":[99],"_links":{"self":[{"href":"https:\/\/tuavaluo.com\/avaluo\/wp-json\/wp\/v2\/posts\/91813"}],"collection":[{"href":"https:\/\/tuavaluo.com\/avaluo\/wp-json\/wp\/v2\/posts"}],"about":[{"href":"https:\/\/tuavaluo.com\/avaluo\/wp-json\/wp\/v2\/types\/post"}],"author":[{"embeddable":true,"href":"https:\/\/tuavaluo.com\/avaluo\/wp-json\/wp\/v2\/users\/1"}],"replies":[{"embeddable":true,"href":"https:\/\/tuavaluo.com\/avaluo\/wp-json\/wp\/v2\/comments?post=91813"}],"version-history":[{"count":0,"href":"https:\/\/tuavaluo.com\/avaluo\/wp-json\/wp\/v2\/posts\/91813\/revisions"}],"wp:attachment":[{"href":"https:\/\/tuavaluo.com\/avaluo\/wp-json\/wp\/v2\/media?parent=91813"}],"wp:term":[{"taxonomy":"category","embeddable":true,"href":"https:\/\/tuavaluo.com\/avaluo\/wp-json\/wp\/v2\/categories?post=91813"},{"taxonomy":"post_tag","embeddable":true,"href":"https:\/\/tuavaluo.com\/avaluo\/wp-json\/wp\/v2\/tags?post=91813"}],"curies":[{"name":"wp","href":"https:\/\/api.w.org\/{rel}","templated":true}]}}