{"id":91817,"date":"2025-05-30T13:21:41","date_gmt":"2025-05-30T13:21:41","guid":{"rendered":"https:\/\/tuavaluo.com\/avaluo\/2025\/05\/30\/amancio-ortega-compra-la-sede-de-planeta-en-barcelona-por-250-millones\/"},"modified":"2025-05-30T13:21:41","modified_gmt":"2025-05-30T13:21:41","slug":"amancio-ortega-compra-la-sede-de-planeta-en-barcelona-por-250-millones","status":"publish","type":"post","link":"https:\/\/tuavaluo.com\/avaluo\/2025\/05\/30\/amancio-ortega-compra-la-sede-de-planeta-en-barcelona-por-250-millones\/","title":{"rendered":"Amancio Ortega compra la sede de Planeta en Barcelona por 250 millones"},"content":{"rendered":"<p>La operaci\u00f3n, que se hab\u00eda dado a conocer a mediados de abril, se ha llevado a cabo a trav\u00e9s de su brazo inversor <strong>Pontegadea Inversiones<\/strong> y se convierte en una de las mayores transacciones inmobiliarias del a\u00f1o en la Ciudad Condal.<\/p>\n<p>El <strong>fondo de inversiones Blackstone<\/strong> era propietario del inmueble desde 2018 y el edificio, sito en el n\u00famero 662 de la avenida Diagonal de Barcelona, estaba a la venta desde comienzos de 2023.<\/p>\n<p>Se trata de la <strong>inversi\u00f3n inmobiliaria m\u00e1s importante de Pontegadea en Espa\u00f1a desde 2016<\/strong>, cuando compr\u00f3 el rascacielos Torre Cepsa, de Madrid, por 490 millones de euros.<\/p>\n<p>Cabe destacar que <strong>el fundador de Inditex invierte parte de los dividendos<\/strong> que recibe del grupo textil en el <strong>sector inmobiliario<\/strong>. De hecho, a primeros de mes se conoc\u00eda que hab\u00eda comprado un edificio de oficinas en Luxemburgo a Manova y Mapfre.<\/p>\n<p>Y es que el empresario gallego posee <strong>inmuebles de primer nivel en capitales como Nueva York, Londres o Par\u00eds<\/strong>, adem\u00e1s cuenta con propiedades en Madrid y Barcelona, como la Torre Picasso o el edificio de Gran V\u00eda 32 (actual sede de Primark).<\/p>\n<p>&#013;<br \/>\nSource: Bolsamania.com<\/p>\n","protected":false},"excerpt":{"rendered":"<p>La operaci\u00f3n, que se hab\u00eda dado a conocer a mediados de abril, se ha llevado a cabo a trav\u00e9s de&#8230;<\/p>\n","protected":false},"author":1,"featured_media":0,"comment_status":"open","ping_status":"closed","sticky":false,"template":"","format":"standard","meta":[],"categories":[104],"tags":[99],"_links":{"self":[{"href":"https:\/\/tuavaluo.com\/avaluo\/wp-json\/wp\/v2\/posts\/91817"}],"collection":[{"href":"https:\/\/tuavaluo.com\/avaluo\/wp-json\/wp\/v2\/posts"}],"about":[{"href":"https:\/\/tuavaluo.com\/avaluo\/wp-json\/wp\/v2\/types\/post"}],"author":[{"embeddable":true,"href":"https:\/\/tuavaluo.com\/avaluo\/wp-json\/wp\/v2\/users\/1"}],"replies":[{"embeddable":true,"href":"https:\/\/tuavaluo.com\/avaluo\/wp-json\/wp\/v2\/comments?post=91817"}],"version-history":[{"count":0,"href":"https:\/\/tuavaluo.com\/avaluo\/wp-json\/wp\/v2\/posts\/91817\/revisions"}],"wp:attachment":[{"href":"https:\/\/tuavaluo.com\/avaluo\/wp-json\/wp\/v2\/media?parent=91817"}],"wp:term":[{"taxonomy":"category","embeddable":true,"href":"https:\/\/tuavaluo.com\/avaluo\/wp-json\/wp\/v2\/categories?post=91817"},{"taxonomy":"post_tag","embeddable":true,"href":"https:\/\/tuavaluo.com\/avaluo\/wp-json\/wp\/v2\/tags?post=91817"}],"curies":[{"name":"wp","href":"https:\/\/api.w.org\/{rel}","templated":true}]}}