{"id":91975,"date":"2025-06-03T17:08:27","date_gmt":"2025-06-03T17:08:27","guid":{"rendered":"https:\/\/tuavaluo.com\/avaluo\/2025\/06\/03\/espana-y-emiratos-arabes-unidos-refuerzan-sus-relaciones-comerciales\/"},"modified":"2025-06-03T17:08:27","modified_gmt":"2025-06-03T17:08:27","slug":"espana-y-emiratos-arabes-unidos-refuerzan-sus-relaciones-comerciales","status":"publish","type":"post","link":"https:\/\/tuavaluo.com\/avaluo\/2025\/06\/03\/espana-y-emiratos-arabes-unidos-refuerzan-sus-relaciones-comerciales\/","title":{"rendered":"Espa\u00f1a y Emiratos \u00c1rabes Unidos refuerzan sus relaciones comerciales"},"content":{"rendered":"<p>En esta l\u00ednea, ambas partes se han comprometido a<strong> reforzar las relaciones en sectores ligados a la movilidad sostenible<\/strong>, las energ\u00edas verdes, la innovaci\u00f3n tecnol\u00f3gica, con especial foco en la tecnolog\u00eda aeroespacial y defensa, y en la agroindustria y seguridad alimentaria.<\/p>\n<p>Adem\u00e1s, en el marco de esta Comisi\u00f3n, los dos pa\u00edses acordaron <strong>promover la participaci\u00f3n de las comunidades empresariales de ambos pa\u00edses en las ferias comerciales<\/strong> y de negocios que tienen lugar en EAU y Espa\u00f1a, para promover el comercio y las inversiones.<\/p>\n<p>Ambas delegaciones destacaron tambi\u00e9n como hito el reciente entendimiento entre la Comisi\u00f3n Europea y el Gobierno de los Emiratos \u00c1rabes Unidos para iniciar las negociaciones sobre una<strong> Asociaci\u00f3n de Partenariado Estrat\u00e9gico<\/strong>. Espa\u00f1a apoya este futuro tratado para promover mayor diversificaci\u00f3n en la regi\u00f3n del Golfo y fortalecer la resiliencia econ\u00f3mica.<\/p>\n<p>Ambas partes expresaron, adem\u00e1s, su inter\u00e9s por explorar oportunidades para promover proyectos de inversi\u00f3n en terceros pa\u00edses, <strong>con especial atenci\u00f3n a \u00c1frica y Am\u00e9rica Latina<\/strong>.<\/p>\n<p>Por otra parte, ambos pa\u00edses pusieron en valor la reciente firma del <strong>Memorando de Entendimiento entre la Federaci\u00f3n de C\u00e1maras de Comercio de los EAU y la C\u00e1mara de Comercio de Espa\u00f1a<\/strong> para la creaci\u00f3n de un Consejo Empresarial Conjunto EAU-Espa\u00f1a, firmado el 7 de abril.<\/p>\n<p>&#013;<br \/>\nSource: Bolsamania.com<\/p>\n","protected":false},"excerpt":{"rendered":"<p>En esta l\u00ednea, ambas partes se han comprometido a reforzar las relaciones en sectores ligados a la movilidad sostenible, las&#8230;<\/p>\n","protected":false},"author":1,"featured_media":0,"comment_status":"open","ping_status":"closed","sticky":false,"template":"","format":"standard","meta":[],"categories":[104],"tags":[99],"_links":{"self":[{"href":"https:\/\/tuavaluo.com\/avaluo\/wp-json\/wp\/v2\/posts\/91975"}],"collection":[{"href":"https:\/\/tuavaluo.com\/avaluo\/wp-json\/wp\/v2\/posts"}],"about":[{"href":"https:\/\/tuavaluo.com\/avaluo\/wp-json\/wp\/v2\/types\/post"}],"author":[{"embeddable":true,"href":"https:\/\/tuavaluo.com\/avaluo\/wp-json\/wp\/v2\/users\/1"}],"replies":[{"embeddable":true,"href":"https:\/\/tuavaluo.com\/avaluo\/wp-json\/wp\/v2\/comments?post=91975"}],"version-history":[{"count":0,"href":"https:\/\/tuavaluo.com\/avaluo\/wp-json\/wp\/v2\/posts\/91975\/revisions"}],"wp:attachment":[{"href":"https:\/\/tuavaluo.com\/avaluo\/wp-json\/wp\/v2\/media?parent=91975"}],"wp:term":[{"taxonomy":"category","embeddable":true,"href":"https:\/\/tuavaluo.com\/avaluo\/wp-json\/wp\/v2\/categories?post=91975"},{"taxonomy":"post_tag","embeddable":true,"href":"https:\/\/tuavaluo.com\/avaluo\/wp-json\/wp\/v2\/tags?post=91975"}],"curies":[{"name":"wp","href":"https:\/\/api.w.org\/{rel}","templated":true}]}}