{"id":92042,"date":"2025-06-04T15:24:05","date_gmt":"2025-06-04T15:24:05","guid":{"rendered":"https:\/\/tuavaluo.com\/avaluo\/2025\/06\/04\/grifols-celebra-en-bolsa-el-apoyo-inesperado-de-flat-flooted-y-sachem-head-capital\/"},"modified":"2025-06-04T15:24:05","modified_gmt":"2025-06-04T15:24:05","slug":"grifols-celebra-en-bolsa-el-apoyo-inesperado-de-flat-flooted-y-sachem-head-capital","status":"publish","type":"post","link":"https:\/\/tuavaluo.com\/avaluo\/2025\/06\/04\/grifols-celebra-en-bolsa-el-apoyo-inesperado-de-flat-flooted-y-sachem-head-capital\/","title":{"rendered":"Grifols celebra en bolsa el apoyo inesperado de Flat Flooted y Sachem Head Capital"},"content":{"rendered":"<p>As\u00ed lo adelanta &#8216;El Confidencial&#8217;, donde explican que, junto con Mason Capital, las firmas han comunicado que <strong>votar\u00e1n a favor de la renovaci\u00f3n en el \u00f3rgano de gobierno de V\u00edctor Grifols<\/strong>, descendiente de una de las ramas del fundador.<\/p>\n<p>En este sentido, cabe recordar que el fondo <strong>Mason Capital<\/strong>, titular del 3,174% de las acciones de clase &#8216;A&#8217; de Grifols, en una carta enviada a la compa\u00f1\u00eda el pasado 28 de mayo, daba a conocer su <strong>apoyo a la lista de candidatos recomendada para su elecci\u00f3n<\/strong> en la pr\u00f3xima Junta General Ordinaria de accionistas, que se celebrar\u00e1 este jueves, 5 de junio.<\/p>\n<p>\u00ab<strong>Apreciamos el di\u00e1logo constructivo mantenido hasta la fecha con los miembros del consejo<\/strong>, en particular, con Tom\u00e1s Dag\u00e1, Thomas Glanzmann, que se jubila, y Anne Berner, presidenta no ejecutiva entrante\u00bb, destacaba la firma.<\/p>\n<p>\u00abEste cambio de postura <strong>podr\u00eda estabilizar la gobernanza de la compa\u00f1\u00eda y mejorar la confianza de los inversores<\/strong>. Las acciones de Grifols podr\u00edan beneficiarse de esta nueva alineaci\u00f3n, especialmente si la empresa contin\u00faa fortaleciendo su estructura financiera y operativa\u00bb, valora Sergio \u00c1vila, analista s\u00e9nior de mercados de IG.<\/p>\n<p>As\u00ed, el Consejo de Administraci\u00f3n de Grifols votar\u00e1 en Junta un <strong><a href=\"https:\/\/www.bolsamania.com\/noticias\/empresas\/grifols-votara-jueves-junta-plan-incentivos-93-millones-no-incluye-abia--19878364.html\" rel=\"noopener noreferrer\" target=\"_blank\" rel=\"nofollow\" >plan de retribuci\u00f3n variable a largo plazo<\/a><\/strong> basado en la entrega de acciones para los miembros del equipo de la alta direcci\u00f3n y otros empleados clave de la compa\u00f1\u00eda, cuyo <strong>importe m\u00e1ximo total destinado se ha fijado en 9,3 millones de euros<\/strong>.<\/p>\n<p>Un plan, con una vigencia de tres a\u00f1os, y del que no se ver\u00e1n beneficiados <strong>ni el consejero delegado de Grifols, Nacho Abia<\/strong>, <strong>ni su director financiero, Rahul Srinivasan<\/strong>.<\/p>\n<p>En la Junta tambi\u00e9n se pondr\u00e1 en conocimiento de los accionistas la <strong>no reelecci\u00f3n de Thomas Glanzmann <\/strong>a su cargo como miembro del Consejo de Administraci\u00f3n. Adem\u00e1s, <strong>se reelegir\u00e1 a V\u00edctor Grifols Deu<\/strong> como miembro del Consejo y <strong>se ratificar\u00e1n los nombramientos por cooptaci\u00f3n de los consejeros Paul S. Heredeen y Pascal Ravery<\/strong>, bajo la categor\u00eda de independiente y dominical, respectivamente.<\/p>\n<p>&#013;<br \/>\nSource: Bolsamania.com<\/p>\n","protected":false},"excerpt":{"rendered":"<p>As\u00ed lo adelanta &#8216;El Confidencial&#8217;, donde explican que, junto con Mason Capital, las firmas han comunicado que votar\u00e1n a favor&#8230;<\/p>\n","protected":false},"author":1,"featured_media":0,"comment_status":"open","ping_status":"closed","sticky":false,"template":"","format":"standard","meta":[],"categories":[104],"tags":[99],"_links":{"self":[{"href":"https:\/\/tuavaluo.com\/avaluo\/wp-json\/wp\/v2\/posts\/92042"}],"collection":[{"href":"https:\/\/tuavaluo.com\/avaluo\/wp-json\/wp\/v2\/posts"}],"about":[{"href":"https:\/\/tuavaluo.com\/avaluo\/wp-json\/wp\/v2\/types\/post"}],"author":[{"embeddable":true,"href":"https:\/\/tuavaluo.com\/avaluo\/wp-json\/wp\/v2\/users\/1"}],"replies":[{"embeddable":true,"href":"https:\/\/tuavaluo.com\/avaluo\/wp-json\/wp\/v2\/comments?post=92042"}],"version-history":[{"count":0,"href":"https:\/\/tuavaluo.com\/avaluo\/wp-json\/wp\/v2\/posts\/92042\/revisions"}],"wp:attachment":[{"href":"https:\/\/tuavaluo.com\/avaluo\/wp-json\/wp\/v2\/media?parent=92042"}],"wp:term":[{"taxonomy":"category","embeddable":true,"href":"https:\/\/tuavaluo.com\/avaluo\/wp-json\/wp\/v2\/categories?post=92042"},{"taxonomy":"post_tag","embeddable":true,"href":"https:\/\/tuavaluo.com\/avaluo\/wp-json\/wp\/v2\/tags?post=92042"}],"curies":[{"name":"wp","href":"https:\/\/api.w.org\/{rel}","templated":true}]}}