{"id":92043,"date":"2025-06-04T14:46:22","date_gmt":"2025-06-04T14:46:22","guid":{"rendered":"https:\/\/tuavaluo.com\/avaluo\/2025\/06\/04\/prisa-cesa-a-pepa-bueno-como-directora-de-el-pais-y-nombra-a-jan-martinez-ahrens\/"},"modified":"2025-06-04T14:46:22","modified_gmt":"2025-06-04T14:46:22","slug":"prisa-cesa-a-pepa-bueno-como-directora-de-el-pais-y-nombra-a-jan-martinez-ahrens","status":"publish","type":"post","link":"https:\/\/tuavaluo.com\/avaluo\/2025\/06\/04\/prisa-cesa-a-pepa-bueno-como-directora-de-el-pais-y-nombra-a-jan-martinez-ahrens\/","title":{"rendered":"Prisa cesa a Pepa Bueno como directora de &#039;El Pa\u00eds&#039; y nombra a Jan Mart\u00ednez Ahrens"},"content":{"rendered":"<p>\u00ab<strong>Pepa se despide de &#8216;El Pa\u00eds&#8217; con m\u00e1s de 400.000 suscriptores y seis ediciones en Am\u00e9rica<\/strong>. Su mandato ha sido clave para consolidar el cambio estrat\u00e9gico del diario\u00bb. El Consejo de Administraci\u00f3n ha querido agradecer a Bueno, quien era directora desde julio de 2021, su compromiso y su dedicaci\u00f3n.<\/p>\n<p>Este cambio al frente del peri\u00f3dico se produce despu\u00e9s de que <strong><a href=\"https:\/\/www.bolsamania.com\/noticias\/empresas\/prisa-media-modifica-estructura-llegada-nueva-consejera-delegada--19766616.html\" rel=\"noopener noreferrer\" target=\"_blank\" rel=\"nofollow\" >Pilar Gil<\/a><\/strong>, la nueva consejera delegada de Prisa Media, anunciase un <strong>nuevo organigrama<\/strong> de la compa\u00f1\u00eda, con el objetivo de <strong>\u00absimplificar la estructura y darle agilidad\u00bb<\/strong>.<\/p>\n<p><strong>Mart\u00ednez Ahrens<\/strong> es <strong>licenciado en Filosof\u00eda y m\u00e1ster en Periodismo UAM-El Pa\u00eds<\/strong>. Tambi\u00e9n tiene un PDD por el IESE Business School, es fellow del German Marshall Fund of the United States y recibi\u00f3 clases de Gabriel Garc\u00eda M\u00e1rquez en la Fundaci\u00f3n Nuevo Periodismo Iberoamericano.<\/p>\n<p><strong>Inici\u00f3 su carrera period\u00edstica en Diario 16 y en 1992 entr\u00f3 en &#8216;El Pa\u00eds&#8217;<\/strong>; primero en la Comunidad Valenciana y luego en Madrid, como redactor de sucesos y jefe de secci\u00f3n. Posteriormente fue redactor jefe de Sociedad, durante un periodo en que el diario se situ\u00f3 en vanguardia de la cobertura de la violencia de g\u00e9nero y los derechos sociales.<\/p>\n<p>En 2006 fue nombrado<strong> subdirector de la edici\u00f3n dominical<\/strong> y, m\u00e1s tarde, de Informaci\u00f3n General. Durante esta etapa, desempe\u00f1\u00f3 un papel fundamental en la obtenci\u00f3n, coordinaci\u00f3n y publicaci\u00f3n en el peri\u00f3dico de los 250.000 documentos secretos del Departamento de Estado filtrados por Wikileaks y de Los papeles de Guant\u00e1namo.<\/p>\n<p><strong>En 2014, coordin\u00f3 en &#8216;El Pa\u00eds&#8217; el caso Chinaleaks<\/strong>. Ese mismo a\u00f1o, Mart\u00ednez Ahrens pas\u00f3 a ser <strong>corresponsal en M\u00e9xico, Centroam\u00e9rica y el Caribe<\/strong>. A principios de 2017 fue nombrado <strong>corresponsal jefe en Estados Unidos<\/strong>. En junio de 2018 ocup\u00f3 el cargo de <strong>director adjunto en Madrid<\/strong>, y desde octubre de 2020 ha sido <strong>director de &#8216;El Pa\u00eds&#8217; en Am\u00e9rica<\/strong>.<\/p>\n<p>&#013;<br \/>\nSource: Bolsamania.com<\/p>\n","protected":false},"excerpt":{"rendered":"<p>\u00abPepa se despide de &#8216;El Pa\u00eds&#8217; con m\u00e1s de 400.000 suscriptores y seis ediciones en Am\u00e9rica. Su mandato ha sido&#8230;<\/p>\n","protected":false},"author":1,"featured_media":0,"comment_status":"open","ping_status":"closed","sticky":false,"template":"","format":"standard","meta":[],"categories":[104],"tags":[99],"_links":{"self":[{"href":"https:\/\/tuavaluo.com\/avaluo\/wp-json\/wp\/v2\/posts\/92043"}],"collection":[{"href":"https:\/\/tuavaluo.com\/avaluo\/wp-json\/wp\/v2\/posts"}],"about":[{"href":"https:\/\/tuavaluo.com\/avaluo\/wp-json\/wp\/v2\/types\/post"}],"author":[{"embeddable":true,"href":"https:\/\/tuavaluo.com\/avaluo\/wp-json\/wp\/v2\/users\/1"}],"replies":[{"embeddable":true,"href":"https:\/\/tuavaluo.com\/avaluo\/wp-json\/wp\/v2\/comments?post=92043"}],"version-history":[{"count":0,"href":"https:\/\/tuavaluo.com\/avaluo\/wp-json\/wp\/v2\/posts\/92043\/revisions"}],"wp:attachment":[{"href":"https:\/\/tuavaluo.com\/avaluo\/wp-json\/wp\/v2\/media?parent=92043"}],"wp:term":[{"taxonomy":"category","embeddable":true,"href":"https:\/\/tuavaluo.com\/avaluo\/wp-json\/wp\/v2\/categories?post=92043"},{"taxonomy":"post_tag","embeddable":true,"href":"https:\/\/tuavaluo.com\/avaluo\/wp-json\/wp\/v2\/tags?post=92043"}],"curies":[{"name":"wp","href":"https:\/\/api.w.org\/{rel}","templated":true}]}}