{"id":93124,"date":"2025-06-25T09:11:48","date_gmt":"2025-06-25T09:11:48","guid":{"rendered":"https:\/\/tuavaluo.com\/avaluo\/2025\/06\/25\/bbva-sigue-analizando-la-decision-del-gobierno-y-no-descarta-retirar-la-opa-ni-la-via-judicial\/"},"modified":"2025-06-25T09:11:48","modified_gmt":"2025-06-25T09:11:48","slug":"bbva-sigue-analizando-la-decision-del-gobierno-y-no-descarta-retirar-la-opa-ni-la-via-judicial","status":"publish","type":"post","link":"https:\/\/tuavaluo.com\/avaluo\/2025\/06\/25\/bbva-sigue-analizando-la-decision-del-gobierno-y-no-descarta-retirar-la-opa-ni-la-via-judicial\/","title":{"rendered":"BBVA sigue &quot;analizando&quot; la decisi\u00f3n del Gobierno y no descarta retirar la OPA ni la v\u00eda judicial"},"content":{"rendered":"<p>\u00ab<strong>Es nuestro deber el tener todas las alternativas dentro de un an\u00e1lisis y dentro de una evaluaci\u00f3n<\/strong>, porque tenemos un deber fiduciario con los intereses de nuestros accionistas\u00bb, ha se\u00f1alado el &#8216;country manager&#8217; de BBVA en Espa\u00f1a,<strong> Peio Belausteguigoitia<\/strong>, en los Cursos de Verano de la Asociaci\u00f3n de Periodistas de Informaci\u00f3n Econ\u00f3mica (APIE), en la Universidad Internacional Men\u00e9ndez Pelayo (UIMP), en Santander.<\/p>\n<p>El presidente del banco, <strong>Carlos Torres Vila<\/strong>, hab\u00eda asegurado el lunes, antes de conocer la decisi\u00f3n del Gobierno, que la entidad tiene<strong> \u00abposibilidades legales\u00bb de retirar la OPA<\/strong> presentada sobre Sabadell por la actuaci\u00f3n del Ejecutivo y tambi\u00e9n por una posible venta de TSB, la filial brit\u00e1nica de la entidad catalana. Anteriormente, Torres dijo que la v\u00eda judicial estaba abierta.<\/p>\n<p>Ahora, el banco tiene la intenci\u00f3n de <strong>tomar una decisi\u00f3n definitiva \u00aben breve\u00bb<\/strong>, aunque no se pone plazos concretos. \u00abSer\u00e1 en breve, en las pr\u00f3ximas fechas, y lo cierto es que no lo puedo concretar m\u00e1s, pero tampoco tenemos ning\u00fan af\u00e1n en que se vaya retrasando este proceso\u00bb, ha explicado.<\/p>\n<p>BBVA quiere agilizar este proceso de an\u00e1lisis y de toma de decisi\u00f3n al m\u00e1ximo, aunque ha recordado que \u00ab<strong>no existe un plazo legal\u00bb en este sentido.<\/strong><\/p>\n<p>\u00abDesde BBVA estamos valorando la decisi\u00f3n del Gobierno de ayer de imponer una condici\u00f3n adicional a la adquisici\u00f3n de Sabadell, y estamos en esa evaluaci\u00f3n, en ese an\u00e1lisis. <strong> En las pr\u00f3ximas fechas se sabr\u00e1 algo, estamos analizando y evaluando esa condici\u00f3n adicional<\/strong>\u00ab, ha insistido.<\/p>\n<p>Belausteguigoitia ha evitado hacer una valoraci\u00f3n de la actuaci\u00f3n del Gobierno, aunque ha se\u00f1alado que, de acuerdo a la \u00abinterpretaci\u00f3n de la ley\u00bb, la entidad solo contemplaba \u00ab<strong>la posibilidad de mantener o suavizar las condiciones<\/strong>\u00ab.<\/p>\n<p>El &#8216;country manager&#8217; de BBVA en Espa\u00f1a tampoco ha querido valorar si la decisi\u00f3n conocida ayer responde a una motivaci\u00f3n pol\u00edtica. \u00ab<strong>Nunca especulamos sobre temas pol\u00edticos<\/strong>\u00ab, ha se\u00f1alado.<\/p>\n<p>Una respuesta parecida ha ofrecido tras ser cuestionado sobre la posibilidad de que un eventual cambio de Gobierno modifique la situaci\u00f3n de la operaci\u00f3n. \u00ab<strong>No entramos en ese tipo de elucubraciones en t\u00e9rminos pol\u00edticos<\/strong>\u00ab, ha manifestado.<\/p>\n<p>&#013;<br \/>\nSource: Bolsamania.com<\/p>\n","protected":false},"excerpt":{"rendered":"<p>\u00abEs nuestro deber el tener todas las alternativas dentro de un an\u00e1lisis y dentro de una evaluaci\u00f3n, porque tenemos un&#8230;<\/p>\n","protected":false},"author":1,"featured_media":0,"comment_status":"open","ping_status":"closed","sticky":false,"template":"","format":"standard","meta":[],"categories":[104],"tags":[99],"_links":{"self":[{"href":"https:\/\/tuavaluo.com\/avaluo\/wp-json\/wp\/v2\/posts\/93124"}],"collection":[{"href":"https:\/\/tuavaluo.com\/avaluo\/wp-json\/wp\/v2\/posts"}],"about":[{"href":"https:\/\/tuavaluo.com\/avaluo\/wp-json\/wp\/v2\/types\/post"}],"author":[{"embeddable":true,"href":"https:\/\/tuavaluo.com\/avaluo\/wp-json\/wp\/v2\/users\/1"}],"replies":[{"embeddable":true,"href":"https:\/\/tuavaluo.com\/avaluo\/wp-json\/wp\/v2\/comments?post=93124"}],"version-history":[{"count":0,"href":"https:\/\/tuavaluo.com\/avaluo\/wp-json\/wp\/v2\/posts\/93124\/revisions"}],"wp:attachment":[{"href":"https:\/\/tuavaluo.com\/avaluo\/wp-json\/wp\/v2\/media?parent=93124"}],"wp:term":[{"taxonomy":"category","embeddable":true,"href":"https:\/\/tuavaluo.com\/avaluo\/wp-json\/wp\/v2\/categories?post=93124"},{"taxonomy":"post_tag","embeddable":true,"href":"https:\/\/tuavaluo.com\/avaluo\/wp-json\/wp\/v2\/tags?post=93124"}],"curies":[{"name":"wp","href":"https:\/\/api.w.org\/{rel}","templated":true}]}}