{"id":93587,"date":"2025-07-03T08:28:05","date_gmt":"2025-07-03T08:28:05","guid":{"rendered":"https:\/\/tuavaluo.com\/avaluo\/2025\/07\/03\/el-sector-servicios-de-la-eurozona-reanuda-el-crecimiento-aunque-mantiene-la-tendencia-debil\/"},"modified":"2025-07-03T08:28:05","modified_gmt":"2025-07-03T08:28:05","slug":"el-sector-servicios-de-la-eurozona-reanuda-el-crecimiento-aunque-mantiene-la-tendencia-debil","status":"publish","type":"post","link":"https:\/\/tuavaluo.com\/avaluo\/2025\/07\/03\/el-sector-servicios-de-la-eurozona-reanuda-el-crecimiento-aunque-mantiene-la-tendencia-debil\/","title":{"rendered":"El sector servicios de la eurozona reanuda el crecimiento, aunque mantiene la tendencia d\u00e9bil"},"content":{"rendered":"<div class=\"read-more-links\">\n<h5>Noticia relacionada<\/h5>\n<p><a class=\"readMore\" href=\"https:\/\/www.bolsamania.com\/noticias\/economia\/pmi-sector-servicios-espanol-expansion-incertidumbre-politica-factor-adverso--20197574.html\" rel=\"noopener noreferrer\" target=\"_blank\" data-id=\"20197574\" rel=\"nofollow\" ><\/p>\n<figure><img class=\"lazy\" title=\"Leer m\u00e1s\" data-original=\"https:\/\/img4.s3wfg.com\/web\/img\/images_uploaded\/f\/2\/ep_archivo_-_gente_paseando_por_la_calle_en_vizcaya_285x185.jpg\" data-src=\"https:\/\/img4.s3wfg.com\/web\/img\/images_uploaded\/f\/2\/ep_archivo_-_gente_paseando_por_la_calle_en_vizcaya_285x185.jpg\" \/><\/figure>\n<p>El sector servicios espa\u00f1ol sigue en expansi\u00f3n, pero \u00abla incertidumbre pol\u00edtica surge como factor adverso\u00bb <\/a><\/div>\n<p>En concreto, el <strong>\u00edndice PMI<\/strong> de actividad comercial del sector servicios de la zona euro aument\u00f3 por encima del nivel de ausencia de cambios de 50 en junio, se\u00f1alando una reanudaci\u00f3n del crecimiento de la actividad del sector servicios en la zona de la moneda \u00fanica al aumentar de 49,7 registrado en mayo a 50,5.<\/p>\n<p>\u00abEl sector servicios ha estado m\u00e1s o menos estacionario desde abril\u00bb, destacan en Hamburg Commercial Bank. \u00abLa cuesti\u00f3n es <strong>si es siquiera posible una recuperaci\u00f3n robusta<\/strong> despu\u00e9s de la debilidad del sector servicios en los \u00faltimos a\u00f1os. Probablemente <strong>esto ser\u00e1 dif\u00edcil<\/strong> para la zona euro en su conjunto\u00bb, afirman.<\/p>\n<p>En cualquier caso, creen apuntan que \u00ablas expectativas respecto de los pr\u00f3ximos doce meses para la zona euro han mejorado, aunque la lectura del \u00edndice respectivo <strong>se mantiene por debajo de la media a largo plazo<\/strong>\u00ab.<\/p>\n<p>El crecimiento en general fue limitado por <strong>otro declive de los nuevos pedidos<\/strong> en junio, aunque el ritmo de contracci\u00f3n fue apenas moderado. El nivel de pedidos pendientes sigui\u00f3 disminuyendo, pero al ritmo m\u00e1s lento desde mayo de 2024.<\/p>\n<p>El aumento de la actividad fue respaldado por una <strong>creaci\u00f3n de empleo sostenida<\/strong> en el sector servicios, que extendi\u00f3 la secuencia actual de crecimiento de las plantillas a casi cuatro a\u00f1os y medio. La tasa de crecimiento del empleo se mantuvo firme en un ritmo modesto que estuvo pr\u00e1cticamente en concordancia con la tendencia para los doce \u00faltimos meses.<\/p>\n<p>Las firmas reforzaron sus plantillas debido a que <strong>las expectativas para los pr\u00f3ximos doce meses continuaron recuper\u00e1ndose<\/strong> frente a la m\u00ednima de abril. La confianza fue la m\u00e1s elevada en lo que va de a\u00f1o hasta la fecha, aunque se sigue situando por debajo de la tendencia de largo plazo de la serie.<\/p>\n<p>La inflaci\u00f3n de los precios de compra se atenu\u00f3 por tercera vez en cuatro meses hasta su m\u00ednima de siete meses, pero se mantuvo relativamente alta. Por otra parte, <strong>las tarifas cobradas subieron al ritmo m\u00e1s r\u00e1pido de los \u00faltimos tres meses<\/strong>. <\/p>\n<p>\u00abEs poco probable que el <strong>Banco Central Europeo (BCE)<\/strong> est\u00e9 del todo satisfecho con que los precios de venta en el sector servicios hayan subido con m\u00e1s fuerza en junio y los precios de los insumos tambi\u00e9n est\u00e9n subiendo intensamente. En vista de otros factores como la fortaleza del euro y el efecto deflacionario de los aranceles estadounidenses en la zona euro,<strong> la importancia de la inflaci\u00f3n en el sector servicios, que parec\u00eda m\u00e1s cr\u00edtica hace un a\u00f1o, est\u00e1 perdiendo cierto protagonismo<\/strong>\u00ab, se\u00f1alan. <\/p>\n<p>Adem\u00e1s, en Hamburg Commercial Bank indican que un vistazo a la tendencia de m\u00e1s largo plazo \u00abrevela que el ritmo promedio de crecimiento observado desde el verano de 2021 no ha llegado a alcanzar el promedio hist\u00f3rico del \u00edndice PMI. Esta informaci\u00f3n refleja un <strong>periodo prolongado de crecimiento relativamente d\u00e9bil<\/strong>, cuya duraci\u00f3n no ha sido superada a lo largo de los veintisiete a\u00f1os para los que se dispone de datos del PMI\u00bb.<\/p>\n<p>Como explican, \u00ablas dos \u00faltimas recesiones en el sector servicios, que surgieron a ra\u00edz de la crisis del mercado financiero de 2008\/2009 y la crisis del euro de 2012, se produjeron despu\u00e9s de una desaceleraci\u00f3n relativamente r\u00e1pida del crecimiento y es improbable que se repitan de la misma forma. Esto puede deberse a la naturaleza estructural de la escasez de personal, que se ha observado desde la COVID-19. Esto ha hecho que, <strong>a diferencia del pasado, las empresas hayan prescindido de recortar puestos de trabajo<\/strong>, ni siquiera durante los trimestres d\u00e9biles\u00bb.<\/p>\n<p>\u00abEn consecuencia, el consumo privado, el principal factor de crecimiento para el sector servicios, no se ha desplomado masivamente desde 2021. En junio, las firmas contrataron incluso m\u00e1s personal que en mayo, y por lo tanto, <strong>puede que se evite una recesi\u00f3n en el futuro pr\u00f3ximo<\/strong>\u00ab, concluyen. <\/p>\n<\/p>\n<p>&#013;<br \/>\nSource: Bolsamania.com<\/p>\n","protected":false},"excerpt":{"rendered":"<p>Noticia relacionada El sector servicios espa\u00f1ol sigue en expansi\u00f3n, pero \u00abla incertidumbre pol\u00edtica surge como factor adverso\u00bb En concreto, el&#8230;<\/p>\n","protected":false},"author":1,"featured_media":93588,"comment_status":"open","ping_status":"closed","sticky":false,"template":"","format":"standard","meta":[],"categories":[104],"tags":[99],"_links":{"self":[{"href":"https:\/\/tuavaluo.com\/avaluo\/wp-json\/wp\/v2\/posts\/93587"}],"collection":[{"href":"https:\/\/tuavaluo.com\/avaluo\/wp-json\/wp\/v2\/posts"}],"about":[{"href":"https:\/\/tuavaluo.com\/avaluo\/wp-json\/wp\/v2\/types\/post"}],"author":[{"embeddable":true,"href":"https:\/\/tuavaluo.com\/avaluo\/wp-json\/wp\/v2\/users\/1"}],"replies":[{"embeddable":true,"href":"https:\/\/tuavaluo.com\/avaluo\/wp-json\/wp\/v2\/comments?post=93587"}],"version-history":[{"count":0,"href":"https:\/\/tuavaluo.com\/avaluo\/wp-json\/wp\/v2\/posts\/93587\/revisions"}],"wp:featuredmedia":[{"embeddable":true,"href":"https:\/\/tuavaluo.com\/avaluo\/wp-json\/wp\/v2\/media\/93588"}],"wp:attachment":[{"href":"https:\/\/tuavaluo.com\/avaluo\/wp-json\/wp\/v2\/media?parent=93587"}],"wp:term":[{"taxonomy":"category","embeddable":true,"href":"https:\/\/tuavaluo.com\/avaluo\/wp-json\/wp\/v2\/categories?post=93587"},{"taxonomy":"post_tag","embeddable":true,"href":"https:\/\/tuavaluo.com\/avaluo\/wp-json\/wp\/v2\/tags?post=93587"}],"curies":[{"name":"wp","href":"https:\/\/api.w.org\/{rel}","templated":true}]}}