{"id":93651,"date":"2025-07-04T06:09:49","date_gmt":"2025-07-04T06:09:49","guid":{"rendered":"https:\/\/tuavaluo.com\/avaluo\/2025\/07\/04\/este-chicharro-del-continuo-corta-en-seco-su-recuperacion\/"},"modified":"2025-07-04T06:09:49","modified_gmt":"2025-07-04T06:09:49","slug":"este-chicharro-del-continuo-corta-en-seco-su-recuperacion","status":"publish","type":"post","link":"https:\/\/tuavaluo.com\/avaluo\/2025\/07\/04\/este-chicharro-del-continuo-corta-en-seco-su-recuperacion\/","title":{"rendered":"Este chicharro del Continuo corta en seco su recuperaci\u00f3n"},"content":{"rendered":"<p>Fuertes ca\u00eddas las que pudimos ver, este pasado martes, en <strong>Amper.<\/strong> Estos descensos complican seriamente su aspecto t\u00e9cnico y eso que, hace tan s\u00f3lo unas sesiones, ve\u00edamos c\u00f3mo consegu\u00eda superar los m\u00e1ximos anuales y parec\u00eda que podr\u00edamos ver una extensi\u00f3n de las subidas. El importante hueco bajista que se dej\u00f3, este pasado martes, condiciona su evoluci\u00f3n t\u00e9cnica de las pr\u00f3ximas jornadas. Adem\u00e1s, parece que no quiere sujetarse en las inmediaciones del soporte de los 0,1386 euros, lo que <strong>nos hace pensar en una extensi\u00f3n de las ca\u00eddas hasta el nivel de los 0,1156 euros<\/strong>, precios en donde se encuentra la media de 200 sesiones. No volveremos a ver una se\u00f1al de fortaleza mientras que se mantenga cotizando por debajo de los 0,1608 euros.<\/p>\n<div class=\"extensible fullWidth\" data-toggle=\"modal\" data-target=\"#headerModal\" data-uri=\"https:\/\/img4.s3wfg.com\/web\/img\/images_uploaded\/b\/3\/c030725amper.png\">\n<figure><img class=\"fullWidth\" title=\"c030725amper\" src=\"https:\/\/tuavaluo.com\/avaluo\/wp-content\/uploads\/2025\/07\/c030725amper.png\" alt=\"c030725amper\" data-id=\"5847938\" \/><span \/><\/figure>\n<\/div>\n<p><iframe loading=\"lazy\" src=\"\" width=\"420\" height=\"125\" \/><\/p>\n<p>&#013;<br \/>\nSource: Bolsamania.com<\/p>\n","protected":false},"excerpt":{"rendered":"<p>Fuertes ca\u00eddas las que pudimos ver, este pasado martes, en Amper. Estos descensos complican seriamente su aspecto t\u00e9cnico y eso&#8230;<\/p>\n","protected":false},"author":1,"featured_media":93652,"comment_status":"open","ping_status":"closed","sticky":false,"template":"","format":"standard","meta":[],"categories":[104],"tags":[99],"_links":{"self":[{"href":"https:\/\/tuavaluo.com\/avaluo\/wp-json\/wp\/v2\/posts\/93651"}],"collection":[{"href":"https:\/\/tuavaluo.com\/avaluo\/wp-json\/wp\/v2\/posts"}],"about":[{"href":"https:\/\/tuavaluo.com\/avaluo\/wp-json\/wp\/v2\/types\/post"}],"author":[{"embeddable":true,"href":"https:\/\/tuavaluo.com\/avaluo\/wp-json\/wp\/v2\/users\/1"}],"replies":[{"embeddable":true,"href":"https:\/\/tuavaluo.com\/avaluo\/wp-json\/wp\/v2\/comments?post=93651"}],"version-history":[{"count":0,"href":"https:\/\/tuavaluo.com\/avaluo\/wp-json\/wp\/v2\/posts\/93651\/revisions"}],"wp:featuredmedia":[{"embeddable":true,"href":"https:\/\/tuavaluo.com\/avaluo\/wp-json\/wp\/v2\/media\/93652"}],"wp:attachment":[{"href":"https:\/\/tuavaluo.com\/avaluo\/wp-json\/wp\/v2\/media?parent=93651"}],"wp:term":[{"taxonomy":"category","embeddable":true,"href":"https:\/\/tuavaluo.com\/avaluo\/wp-json\/wp\/v2\/categories?post=93651"},{"taxonomy":"post_tag","embeddable":true,"href":"https:\/\/tuavaluo.com\/avaluo\/wp-json\/wp\/v2\/tags?post=93651"}],"curies":[{"name":"wp","href":"https:\/\/api.w.org\/{rel}","templated":true}]}}