{"id":94040,"date":"2025-07-11T08:50:39","date_gmt":"2025-07-11T08:50:39","guid":{"rendered":"https:\/\/tuavaluo.com\/avaluo\/2025\/07\/11\/jp-morgan-y-citi-recortan-el-precio-a-deutsche-telekom-antes-de-sus-resultados\/"},"modified":"2025-07-11T08:50:39","modified_gmt":"2025-07-11T08:50:39","slug":"jp-morgan-y-citi-recortan-el-precio-a-deutsche-telekom-antes-de-sus-resultados","status":"publish","type":"post","link":"https:\/\/tuavaluo.com\/avaluo\/2025\/07\/11\/jp-morgan-y-citi-recortan-el-precio-a-deutsche-telekom-antes-de-sus-resultados\/","title":{"rendered":"JP Morgan y Citi recortan el precio a Deutsche Telekom antes de sus resultados"},"content":{"rendered":"<p>\u00bfA qu\u00e9 se deben estos recortes? Los analistas de ambos bancos lo explican en sendos informes. Los de JP Morgan comentan que han tomado esta decisi\u00f3n despu\u00e9s de que <strong>los t\u00edtulos de la compa\u00f1\u00eda hayan \u00abbajado un 14% desde sus m\u00e1ximos hist\u00f3ricos de marzo<\/strong> (aunque a\u00fan acumulan un +9% en lo que va del a\u00f1o)\u00bb, y se\u00f1alan que hay cinco factores que han impulsado esta ca\u00edda.<\/p>\n<div class=\"read-more-links\">\n<h5>Noticia relacionada<\/h5>\n<p><a class=\"readMore\" href=\"https:\/\/www.bolsamania.com\/noticias\/resultados-anuncios\/deutsche-telekom-gana-2800-millones-primer-trimestre-eleva-previsiones-2025--19691594.html\" rel=\"noopener noreferrer\" target=\"_blank\" data-id=\"19691594\" rel=\"nofollow\" ><\/p>\n<figure><img class=\"lazy\" title=\"Leer m\u00e1s\" data-original=\"https:\/\/img2.s3wfg.com\/web\/img\/images_uploaded\/3\/3\/dl-deutsche-telekom-logo-sign-germany-telecoms-t-mobile-pd_285x185.jpg\" data-src=\"https:\/\/img2.s3wfg.com\/web\/img\/images_uploaded\/3\/3\/dl-deutsche-telekom-logo-sign-germany-telecoms-t-mobile-pd_285x185.jpg\" \/><\/figure>\n<p>Deutsche Telekom gana 2.800 millones en el trimestre (+43%) y eleva previsiones <\/a><\/div>\n<p>\u00abLas continuas rebajas de calificaci\u00f3n impulsadas por el tipo de cambio, la preocupaci\u00f3n por las perspectivas competitivas en EEUU, la especulaci\u00f3n sobre un posible cambio en la direcci\u00f3n de TMUS, la disminuci\u00f3n de las incorporaciones de banda ancha alemanas, y una rotaci\u00f3n descendente de acciones con exposici\u00f3n a EEUU hacia empresas europeas especializadas\u00bb, enumeran.<\/p>\n<p>En opini\u00f3n de estos expertos, \u00absi bien <strong>persisten las incertidumbres a corto plazo<\/strong>, esperamos que se despejen gradualmente y destacamos el potencial para que el segundo semestre ofrezca mejoras de dos d\u00edgitos en el EFCF a largo plazo, respaldadas por la <strong>reforma fiscal y las fusiones y adquisiciones en EEUU<\/strong> que pronto se cerrar\u00e1n\u00bb, dicen.<\/p>\n<p>Es m\u00e1s, apuntan que \u00abincluso antes de dichas mejoras, <strong>las proyecciones de valoraci\u00f3n son favorables<\/strong>, con Deutsche Telekom cotizando a tan solo 13 veces el PER de 2026, a pesar de ofrecer una tasa de crecimiento anual compuesta (TCAC) de beneficio por acci\u00f3n del 14% para 2025-28&#8243;.<\/p>\n<p>Por su parte, los estrategas de Citi consideran que \u00ablas <strong>altas netas<\/strong> ser\u00e1n el foco de los resultados del segundo trimestre\u00bb de la teleco alemana, que presentar\u00e1 sus cuentas el pr\u00f3ximo 7 de agosto. En concreto, se refieren a las altas netas de telefon\u00eda de pospago en TMUS, y las altas netas de banda ancha alemana.<\/p>\n<p>\u00abEsperamos que Deutsche Telekom registre mejoras en ambos frentes a las altas ligeramente decepcionantes del primer trimestre, pero cabe destacar que las diferencias con respecto a las expectativas fueron muy peque\u00f1as, considerando la magnitud de la base de clientes\u00bb, dicen.<\/p>\n<p>Creen que <strong>los t\u00edtulos de la compa\u00f1\u00eda \u00abcontin\u00faan ofreciendo un s\u00f3lido historial de ejecuci\u00f3n<\/strong>, junto con un envidiable crecimiento del EBITDAaL y un impulso de consenso en sus mercados principales\u00bb. Sin embargo, a\u00f1aden, \u00abla debilidad del d\u00f3lar impulsa las rebajas de calificaci\u00f3n\u00bb, y aunque han decidido mantener su consejo de &#8216;comprar, han reduciro el precio objetivo por este motivo.<\/p>\n<p>&#013;<br \/>\nSource: Bolsamania.com<\/p>\n","protected":false},"excerpt":{"rendered":"<p>\u00bfA qu\u00e9 se deben estos recortes? Los analistas de ambos bancos lo explican en sendos informes. Los de JP Morgan&#8230;<\/p>\n","protected":false},"author":1,"featured_media":94041,"comment_status":"open","ping_status":"closed","sticky":false,"template":"","format":"standard","meta":[],"categories":[104],"tags":[99],"_links":{"self":[{"href":"https:\/\/tuavaluo.com\/avaluo\/wp-json\/wp\/v2\/posts\/94040"}],"collection":[{"href":"https:\/\/tuavaluo.com\/avaluo\/wp-json\/wp\/v2\/posts"}],"about":[{"href":"https:\/\/tuavaluo.com\/avaluo\/wp-json\/wp\/v2\/types\/post"}],"author":[{"embeddable":true,"href":"https:\/\/tuavaluo.com\/avaluo\/wp-json\/wp\/v2\/users\/1"}],"replies":[{"embeddable":true,"href":"https:\/\/tuavaluo.com\/avaluo\/wp-json\/wp\/v2\/comments?post=94040"}],"version-history":[{"count":0,"href":"https:\/\/tuavaluo.com\/avaluo\/wp-json\/wp\/v2\/posts\/94040\/revisions"}],"wp:featuredmedia":[{"embeddable":true,"href":"https:\/\/tuavaluo.com\/avaluo\/wp-json\/wp\/v2\/media\/94041"}],"wp:attachment":[{"href":"https:\/\/tuavaluo.com\/avaluo\/wp-json\/wp\/v2\/media?parent=94040"}],"wp:term":[{"taxonomy":"category","embeddable":true,"href":"https:\/\/tuavaluo.com\/avaluo\/wp-json\/wp\/v2\/categories?post=94040"},{"taxonomy":"post_tag","embeddable":true,"href":"https:\/\/tuavaluo.com\/avaluo\/wp-json\/wp\/v2\/tags?post=94040"}],"curies":[{"name":"wp","href":"https:\/\/api.w.org\/{rel}","templated":true}]}}